{"id":363019,"date":"2026-04-28T06:59:24","date_gmt":"2026-04-28T09:59:24","guid":{"rendered":"http:\/\/www.noticiasdelparana.com.ar\/NuevaEdicion\/?p=363019"},"modified":"2026-04-28T06:59:29","modified_gmt":"2026-04-28T09:59:29","slug":"resistencia-recuperan-motocicleta-sustraida-tras-operativo-nocturno","status":"publish","type":"post","link":"http:\/\/www.noticiasdelparana.com.ar\/NuevaEdicion\/2026\/04\/28\/resistencia-recuperan-motocicleta-sustraida-tras-operativo-nocturno\/","title":{"rendered":"RESISTENCIA:  Recuperan Motocicleta Sustra\u00edda Tras Operativo Nocturno"},"content":{"rendered":"\n<p>El procedimiento tuvo lugar sobre calle Borrini al 2400, donde efectivos que realizaban recorridas preventivas observaron a un sujeto junto a una motocicleta desarmada, sin ruedas delantera ni trasera. Al advertir la presencia policial, el individuo huy\u00f3 a pie hacia una zona boscosa, perdi\u00e9ndose de vista.<\/p>\n\n\n\n<p>Tras verificar el rodado, se constat\u00f3 que se trataba de una motocicleta marca Appia City Plus, denunciada como robada en un hecho ocurrido el 27 de abril en calle Jos\u00e9 Hern\u00e1ndez al 1100.<\/p>\n\n\n\n<p>El veh\u00edculo fue secuestrado y trasladado a la Comisar\u00eda Octava Metropolitana, donde se contin\u00faan las actuaciones correspondientes.<\/p>\n","protected":false},"excerpt":{"rendered":"<p>28-Abr-26 En un operativo realizado durante la madrugada, personal de la Divisi\u00f3n Caminantes logr\u00f3 recuperar una motocicleta denunciada como sustra\u00edda horas antes en la ciudad de Resistencia.<\/p>\n","protected":false},"author":3,"featured_media":363020,"comment_status":"closed","ping_status":"closed","sticky":false,"template":"","format":"standard","meta":[],"categories":[103],"tags":[],"_links":{"self":[{"href":"http:\/\/www.noticiasdelparana.com.ar\/NuevaEdicion\/wp-json\/wp\/v2\/posts\/363019"}],"collection":[{"href":"http:\/\/www.noticiasdelparana.com.ar\/NuevaEdicion\/wp-json\/wp\/v2\/posts"}],"about":[{"href":"http:\/\/www.noticiasdelparana.com.ar\/NuevaEdicion\/wp-json\/wp\/v2\/types\/post"}],"author":[{"embeddable":true,"href":"http:\/\/www.noticiasdelparana.com.ar\/NuevaEdicion\/wp-json\/wp\/v2\/users\/3"}],"replies":[{"embeddable":true,"href":"http:\/\/www.noticiasdelparana.com.ar\/NuevaEdicion\/wp-json\/wp\/v2\/comments?post=363019"}],"version-history":[{"count":1,"href":"http:\/\/www.noticiasdelparana.com.ar\/NuevaEdicion\/wp-json\/wp\/v2\/posts\/363019\/revisions"}],"predecessor-version":[{"id":363021,"href":"http:\/\/www.noticiasdelparana.com.ar\/NuevaEdicion\/wp-json\/wp\/v2\/posts\/363019\/revisions\/363021"}],"wp:featuredmedia":[{"embeddable":true,"href":"http:\/\/www.noticiasdelparana.com.ar\/NuevaEdicion\/wp-json\/wp\/v2\/media\/363020"}],"wp:attachment":[{"href":"http:\/\/www.noticiasdelparana.com.ar\/NuevaEdicion\/wp-json\/wp\/v2\/media?parent=363019"}],"wp:term":[{"taxonomy":"category","embeddable":true,"href":"http:\/\/www.noticiasdelparana.com.ar\/NuevaEdicion\/wp-json\/wp\/v2\/categories?post=363019"},{"taxonomy":"post_tag","embeddable":true,"href":"http:\/\/www.noticiasdelparana.com.ar\/NuevaEdicion\/wp-json\/wp\/v2\/tags?post=363019"}],"curies":[{"name":"wp","href":"https:\/\/api.w.org\/{rel}","templated":true}]}}