{"id":363022,"date":"2026-04-28T07:01:36","date_gmt":"2026-04-28T10:01:36","guid":{"rendered":"http:\/\/www.noticiasdelparana.com.ar\/NuevaEdicion\/?p=363022"},"modified":"2026-04-28T07:01:40","modified_gmt":"2026-04-28T10:01:40","slug":"saenz-pena-atrapan-a-profugo-con-pedido-de-detencion","status":"publish","type":"post","link":"http:\/\/www.noticiasdelparana.com.ar\/NuevaEdicion\/2026\/04\/28\/saenz-pena-atrapan-a-profugo-con-pedido-de-detencion\/","title":{"rendered":"S\u00c1ENZ PE\u00d1A: Atrapan A Pr\u00f3fugo Con Pedido De Detenci\u00f3n"},"content":{"rendered":"\n<p>El procedimiento se realiz\u00f3 en inmediaciones de calle 1 y 38 del barrio Sarmiento, donde efectivos que efectuaban recorridas preventivas identificaron a un ciudadano de 32 a\u00f1os. Tras consultar sus datos en el sistema SIGEBI M\u00f3vil, se constat\u00f3 que presentaba un pedido de detenci\u00f3n vigente ordenado por la C\u00e1mara Segunda en lo Criminal.<\/p>\n\n\n\n<p>Finalizadas las diligencias correspondientes y previo examen m\u00e9dico, el conducido fue trasladado a la Comisar\u00eda Segunda para continuar con las actuaciones legales.<\/p>\n","protected":false},"excerpt":{"rendered":"<p>28-Abr-26 En el marco del operativo de patrullaje nocturno denominado \u201cLince\u201d, personal de la Divisi\u00f3n C.O.M. de S\u00e1enz Pe\u00f1a logr\u00f3 la conducci\u00f3n de un hombre que registraba pedido activo de aprehensi\u00f3n por una causa de robo agravado.<\/p>\n","protected":false},"author":3,"featured_media":363023,"comment_status":"closed","ping_status":"closed","sticky":false,"template":"","format":"standard","meta":[],"categories":[103],"tags":[],"_links":{"self":[{"href":"http:\/\/www.noticiasdelparana.com.ar\/NuevaEdicion\/wp-json\/wp\/v2\/posts\/363022"}],"collection":[{"href":"http:\/\/www.noticiasdelparana.com.ar\/NuevaEdicion\/wp-json\/wp\/v2\/posts"}],"about":[{"href":"http:\/\/www.noticiasdelparana.com.ar\/NuevaEdicion\/wp-json\/wp\/v2\/types\/post"}],"author":[{"embeddable":true,"href":"http:\/\/www.noticiasdelparana.com.ar\/NuevaEdicion\/wp-json\/wp\/v2\/users\/3"}],"replies":[{"embeddable":true,"href":"http:\/\/www.noticiasdelparana.com.ar\/NuevaEdicion\/wp-json\/wp\/v2\/comments?post=363022"}],"version-history":[{"count":1,"href":"http:\/\/www.noticiasdelparana.com.ar\/NuevaEdicion\/wp-json\/wp\/v2\/posts\/363022\/revisions"}],"predecessor-version":[{"id":363024,"href":"http:\/\/www.noticiasdelparana.com.ar\/NuevaEdicion\/wp-json\/wp\/v2\/posts\/363022\/revisions\/363024"}],"wp:featuredmedia":[{"embeddable":true,"href":"http:\/\/www.noticiasdelparana.com.ar\/NuevaEdicion\/wp-json\/wp\/v2\/media\/363023"}],"wp:attachment":[{"href":"http:\/\/www.noticiasdelparana.com.ar\/NuevaEdicion\/wp-json\/wp\/v2\/media?parent=363022"}],"wp:term":[{"taxonomy":"category","embeddable":true,"href":"http:\/\/www.noticiasdelparana.com.ar\/NuevaEdicion\/wp-json\/wp\/v2\/categories?post=363022"},{"taxonomy":"post_tag","embeddable":true,"href":"http:\/\/www.noticiasdelparana.com.ar\/NuevaEdicion\/wp-json\/wp\/v2\/tags?post=363022"}],"curies":[{"name":"wp","href":"https:\/\/api.w.org\/{rel}","templated":true}]}}