{"id":363031,"date":"2026-04-28T07:19:36","date_gmt":"2026-04-28T10:19:36","guid":{"rendered":"http:\/\/www.noticiasdelparana.com.ar\/NuevaEdicion\/?p=363031"},"modified":"2026-04-28T07:19:41","modified_gmt":"2026-04-28T10:19:41","slug":"corrientes-condenan-a-7-anos-de-prision-a-un-interno-que-monto-un-kiosco-narco-en-la-carcel","status":"publish","type":"post","link":"http:\/\/www.noticiasdelparana.com.ar\/NuevaEdicion\/2026\/04\/28\/corrientes-condenan-a-7-anos-de-prision-a-un-interno-que-monto-un-kiosco-narco-en-la-carcel\/","title":{"rendered":"CORRIENTES: Condenan A 7 A\u00f1os De Prisi\u00f3n A Un Interno Que Mont\u00f3 Un Kiosco Narco En La C\u00e1rcel"},"content":{"rendered":"\n<p>La Justicia de Corrientes conden\u00f3 a 7 a\u00f1os de prisi\u00f3n a un interno del Complejo Penitenciario N\u00b0 1 por organizar y regentear un punto de venta de drogas dentro del penal. El hallazgo se produjo durante un operativo de rutina que dej\u00f3 al descubierto una red de microtr\u00e1fico en el pabell\u00f3n de mediana seguridad.<\/p>\n\n\n\n<p>En este juicio actuaron las fiscales federales Tamara Pourcel y Nancy Vargas Garc\u00eda, con fallo del Tribunal de los jueces Ferm\u00edn Ceroleni, Eduardo Belforte y Sim\u00f3n Bracco.<\/p>\n\n\n\n<p>El operativo que origin\u00f3 la causa tuvo lugar el 25 de enero de 2024 en el Sector de Mediana Seguridad N\u00b0 2, espec\u00edficamente en el M\u00f3dulo N\u00b0 4, Celda N\u00b0 8. All\u00ed, el interno identificado como G.R. fue sorprendido por el personal penitenciario en posesi\u00f3n de una suma de dinero en efectivo que ascend\u00eda a $72.400, cuya procedencia no pudo justificar.<\/p>\n\n\n\n<p>Droga fraccionada para la venta<\/p>\n\n\n\n<p>Al profundizar la inspecci\u00f3n de la celda, los efectivos detectaron que sobre un estante se encontraba una bolsa pl\u00e1stica negra que funcionaba como dep\u00f3sito del &#8220;kiosco&#8221;. En su interior, se hallaron 57 envoltorios peque\u00f1os y 8 envoltorios de mayor tama\u00f1o que conten\u00edan una sustancia blanquecina.<\/p>\n\n\n\n<p>Asimismo, dentro de un bolso gris oculto en la habitaci\u00f3n, los guardias secuestraron otros 19 envoltorios con una sustancia vegetal de color verde amarronado.<\/p>\n\n\n\n<p>Tras dar aviso a la Direcci\u00f3n General de Drogas Peligrosas y Crimen Organizado de la Polic\u00eda de Corrientes, los test orientativos confirmaron la naturaleza de los estupefacientes:<\/p>\n\n\n\n<p>Coca\u00edna: 5 gramos fraccionados en dosis m\u00ednimas y otros 28 gramos en envoltorios de mayor dimensi\u00f3n.<\/p>\n\n\n\n<p>Marihuana: 5 gramos distribuidos en 19 dosis.<\/p>\n\n\n\n<p>Tecnolog\u00eda: se procedi\u00f3 adem\u00e1s al secuestro de dos tel\u00e9fonos celulares, elementos prohibidos que habr\u00edan sido utilizados para coordinar el ingreso de la droga y las ventas internas.<\/p>\n\n\n\n<p>Fallo judicial<\/p>\n\n\n\n<p>La evidencia recolectada, que incluy\u00f3 el pesaje total de la sustancia y el dinero fraccionado, permiti\u00f3 a la fiscal\u00eda sostener la acusaci\u00f3n por comercializaci\u00f3n de estupefacientes. El tribunal consider\u00f3 que el hallazgo de la droga ya fraccionada, sumado a los dispositivos de comunicaci\u00f3n y el dinero, eran pruebas contundentes de una actividad il\u00edcita sostenida en el tiempo dentro del penal.<\/p>\n\n\n\n<p>Finalmente, el magistrado interviniente dict\u00f3 la sentencia de 7 a\u00f1os de prisi\u00f3n.<\/p>\n","protected":false},"excerpt":{"rendered":"<p>28-Abr-26 El sujeto cumpl\u00eda condena en el Complejo Penitenciario N\u00b0 1 de Corrientes cuando fue descubierto con un &#8220;kiosco&#8221; en su celda. Durante una requisa, los guardias hallaron dosis de coca\u00edna, marihuana, tel\u00e9fonos celulares y m\u00e1s de 70 mil pesos en efectivo.<\/p>\n","protected":false},"author":4,"featured_media":363035,"comment_status":"closed","ping_status":"closed","sticky":false,"template":"","format":"standard","meta":[],"categories":[139],"tags":[],"_links":{"self":[{"href":"http:\/\/www.noticiasdelparana.com.ar\/NuevaEdicion\/wp-json\/wp\/v2\/posts\/363031"}],"collection":[{"href":"http:\/\/www.noticiasdelparana.com.ar\/NuevaEdicion\/wp-json\/wp\/v2\/posts"}],"about":[{"href":"http:\/\/www.noticiasdelparana.com.ar\/NuevaEdicion\/wp-json\/wp\/v2\/types\/post"}],"author":[{"embeddable":true,"href":"http:\/\/www.noticiasdelparana.com.ar\/NuevaEdicion\/wp-json\/wp\/v2\/users\/4"}],"replies":[{"embeddable":true,"href":"http:\/\/www.noticiasdelparana.com.ar\/NuevaEdicion\/wp-json\/wp\/v2\/comments?post=363031"}],"version-history":[{"count":1,"href":"http:\/\/www.noticiasdelparana.com.ar\/NuevaEdicion\/wp-json\/wp\/v2\/posts\/363031\/revisions"}],"predecessor-version":[{"id":363036,"href":"http:\/\/www.noticiasdelparana.com.ar\/NuevaEdicion\/wp-json\/wp\/v2\/posts\/363031\/revisions\/363036"}],"wp:featuredmedia":[{"embeddable":true,"href":"http:\/\/www.noticiasdelparana.com.ar\/NuevaEdicion\/wp-json\/wp\/v2\/media\/363035"}],"wp:attachment":[{"href":"http:\/\/www.noticiasdelparana.com.ar\/NuevaEdicion\/wp-json\/wp\/v2\/media?parent=363031"}],"wp:term":[{"taxonomy":"category","embeddable":true,"href":"http:\/\/www.noticiasdelparana.com.ar\/NuevaEdicion\/wp-json\/wp\/v2\/categories?post=363031"},{"taxonomy":"post_tag","embeddable":true,"href":"http:\/\/www.noticiasdelparana.com.ar\/NuevaEdicion\/wp-json\/wp\/v2\/tags?post=363031"}],"curies":[{"name":"wp","href":"https:\/\/api.w.org\/{rel}","templated":true}]}}