{"id":363042,"date":"2026-04-28T07:23:02","date_gmt":"2026-04-28T10:23:02","guid":{"rendered":"http:\/\/www.noticiasdelparana.com.ar\/NuevaEdicion\/?p=363042"},"modified":"2026-04-28T07:23:06","modified_gmt":"2026-04-28T10:23:06","slug":"corrientes-como-es-la-costanera-de-goya-que-sera-inaugurada-tras-una-inversion-de-6-920-millones","status":"publish","type":"post","link":"http:\/\/www.noticiasdelparana.com.ar\/NuevaEdicion\/2026\/04\/28\/corrientes-como-es-la-costanera-de-goya-que-sera-inaugurada-tras-una-inversion-de-6-920-millones\/","title":{"rendered":"CORRIENTES: C\u00f3mo Es La Costanera De Goya Que Ser\u00e1 Inaugurada Tras Una Inversi\u00f3n De $6.920 Millones"},"content":{"rendered":"\n<p>En lo que representa una de las transformaciones urbanas m\u00e1s ambiciosas de la gesti\u00f3n provincial, el gobernador de Corrientes, Juan Pablo Vald\u00e9s, inaugurar\u00e1 este martes las obras de remodelaci\u00f3n y puesta en valor de la costanera y plaza Italia en Goya.<\/p>\n\n\n\n<p>El evento, programado para las 20:00, se llevar\u00e1 a cabo en el marco de la Fiesta Nacional del Surub\u00ed 2026, el evento social y deportivo m\u00e1s importante de la &#8220;segunda ciudad&#8221; de la provincia.<\/p>\n\n\n\n<p>La obra demand\u00f3 una inversi\u00f3n superior a los $6.920 millones, ejecutados con fondos propios del Tesoro Provincial. El proyecto no solo busca apuntalar el perfil tur\u00edstico de Goya frente al r\u00edo Paran\u00e1, sino tambi\u00e9n ofrecer un espacio de recreaci\u00f3n de vanguardia para los vecinos.<\/p>\n\n\n\n<p>Un balc\u00f3n al r\u00edo en dos niveles<\/p>\n\n\n\n<p>El nuevo paseo costero se extiende por casi 500 metros y presenta una innovadora estructura dise\u00f1ada en dos alturas diferenciadas para optimizar la experiencia del visitante:<\/p>\n\n\n\n<p>Nivel superior: Destinado a caminatas panor\u00e1micas con vista franca al r\u00edo.<\/p>\n\n\n\n<p>Merma inferior: Un espacio que permite un contacto m\u00e1s cercano con el entorno natural del Paran\u00e1.<\/p>\n\n\n\n<p>La conectividad entre ambos sectores fue resuelta con una imponente grada de cinco escalones, adem\u00e1s de tres escalinatas estrat\u00e9gicas y tres rampas que aseguran la accesibilidad universal, permitiendo que personas con movilidad reducida puedan disfrutar de todo el predio sin obst\u00e1culos.<\/p>\n\n\n\n<p>Plaza Italia: seguridad y servicios<\/p>\n\n\n\n<p>Integrada al corredor costero, la Plaza Italia fue totalmente renovada y se posiciona como el epicentro para el p\u00fablico infantil. La principal novedad es la instalaci\u00f3n de una &#8220;plaza blanda&#8221; con piso de caucho moderno, dise\u00f1ado para amortiguar impactos y garantizar el juego seguro de los ni\u00f1os.<\/p>\n\n\n\n<p>En cuanto a la infraestructura de servicios, el complejo estrena un n\u00facleo sanitario completo. El sector cuenta con ba\u00f1os diferenciados para hombres, mujeres y ni\u00f1os, adem\u00e1s de un \u00e1rea adaptada para personas con discapacidad, cubriendo as\u00ed la demanda de los miles de turistas que visitan la ciudad durante la temporada de pesca y eventos masivos.<\/p>\n\n\n\n<p>Con esta inauguraci\u00f3n, Goya recupera su principal balc\u00f3n al r\u00edo, combinando ingenier\u00eda moderna con espacios de convivencia social en una de las zonas m\u00e1s emblem\u00e1ticas de la provincia.<\/p>\n","protected":false},"excerpt":{"rendered":"<p>28-Abr-26 El gobernador encabezar\u00e1 el acto este martes a las 20, en coincidencia con la Fiesta Nacional del Surub\u00ed 2026. El proyecto fue financiado \u00edntegramente con recursos provinciales.<\/p>\n","protected":false},"author":4,"featured_media":363034,"comment_status":"closed","ping_status":"closed","sticky":false,"template":"","format":"standard","meta":[],"categories":[139],"tags":[],"_links":{"self":[{"href":"http:\/\/www.noticiasdelparana.com.ar\/NuevaEdicion\/wp-json\/wp\/v2\/posts\/363042"}],"collection":[{"href":"http:\/\/www.noticiasdelparana.com.ar\/NuevaEdicion\/wp-json\/wp\/v2\/posts"}],"about":[{"href":"http:\/\/www.noticiasdelparana.com.ar\/NuevaEdicion\/wp-json\/wp\/v2\/types\/post"}],"author":[{"embeddable":true,"href":"http:\/\/www.noticiasdelparana.com.ar\/NuevaEdicion\/wp-json\/wp\/v2\/users\/4"}],"replies":[{"embeddable":true,"href":"http:\/\/www.noticiasdelparana.com.ar\/NuevaEdicion\/wp-json\/wp\/v2\/comments?post=363042"}],"version-history":[{"count":1,"href":"http:\/\/www.noticiasdelparana.com.ar\/NuevaEdicion\/wp-json\/wp\/v2\/posts\/363042\/revisions"}],"predecessor-version":[{"id":363043,"href":"http:\/\/www.noticiasdelparana.com.ar\/NuevaEdicion\/wp-json\/wp\/v2\/posts\/363042\/revisions\/363043"}],"wp:featuredmedia":[{"embeddable":true,"href":"http:\/\/www.noticiasdelparana.com.ar\/NuevaEdicion\/wp-json\/wp\/v2\/media\/363034"}],"wp:attachment":[{"href":"http:\/\/www.noticiasdelparana.com.ar\/NuevaEdicion\/wp-json\/wp\/v2\/media?parent=363042"}],"wp:term":[{"taxonomy":"category","embeddable":true,"href":"http:\/\/www.noticiasdelparana.com.ar\/NuevaEdicion\/wp-json\/wp\/v2\/categories?post=363042"},{"taxonomy":"post_tag","embeddable":true,"href":"http:\/\/www.noticiasdelparana.com.ar\/NuevaEdicion\/wp-json\/wp\/v2\/tags?post=363042"}],"curies":[{"name":"wp","href":"https:\/\/api.w.org\/{rel}","templated":true}]}}