{"id":363044,"date":"2026-04-28T07:23:56","date_gmt":"2026-04-28T10:23:56","guid":{"rendered":"http:\/\/www.noticiasdelparana.com.ar\/NuevaEdicion\/?p=363044"},"modified":"2026-04-28T07:24:02","modified_gmt":"2026-04-28T10:24:02","slug":"corrientes-demoraron-a-dos-hombres-por-arrojar-residuos-en-un-descampado","status":"publish","type":"post","link":"http:\/\/www.noticiasdelparana.com.ar\/NuevaEdicion\/2026\/04\/28\/corrientes-demoraron-a-dos-hombres-por-arrojar-residuos-en-un-descampado\/","title":{"rendered":"CORRIENTES: Demoraron A Dos Hombres Por Arrojar Residuos En Un Descampado"},"content":{"rendered":"\n<p>La Polic\u00eda de Corrientes inform\u00f3 este lunes que demoraron a dos hombres que fueron sorprendido arrojando residuos en un terreno descampado de la capital correntina.<\/p>\n\n\n\n<p>El hecho se registr\u00f3 sobre calle Teniente C.A. Ben\u00edtez, donde los efectivos detectaron a ocupantes de una camioneta Toyota Hilux, quienes intentaron retirarse al advertir la presencia policial.<\/p>\n\n\n\n<p>Durante la inspecci\u00f3n, se constat\u00f3 que en la caja del rodado transportaban residuos que no hab\u00edan alcanzado a arrojar.<\/p>\n\n\n\n<p>Ante la situaci\u00f3n, se dio intervenci\u00f3n a las autoridades correspondientes y, con colaboraci\u00f3n de la jurisdicci\u00f3n, se procedi\u00f3 a la demora de ambos hombres y al secuestro preventivo de la camioneta.<\/p>\n\n\n\n<p>Los involucrados fueron trasladados a la Comisar\u00eda Novena de Capital, donde contin\u00faan las actuaciones de rigor para determinar responsabilidades.<\/p>\n","protected":false},"excerpt":{"rendered":"<p>28-Abr-26 El hecho se registr\u00f3 en horas de la tarde domingo en la capital correntina. <\/p>\n","protected":false},"author":4,"featured_media":363032,"comment_status":"closed","ping_status":"closed","sticky":false,"template":"","format":"standard","meta":[],"categories":[139],"tags":[],"_links":{"self":[{"href":"http:\/\/www.noticiasdelparana.com.ar\/NuevaEdicion\/wp-json\/wp\/v2\/posts\/363044"}],"collection":[{"href":"http:\/\/www.noticiasdelparana.com.ar\/NuevaEdicion\/wp-json\/wp\/v2\/posts"}],"about":[{"href":"http:\/\/www.noticiasdelparana.com.ar\/NuevaEdicion\/wp-json\/wp\/v2\/types\/post"}],"author":[{"embeddable":true,"href":"http:\/\/www.noticiasdelparana.com.ar\/NuevaEdicion\/wp-json\/wp\/v2\/users\/4"}],"replies":[{"embeddable":true,"href":"http:\/\/www.noticiasdelparana.com.ar\/NuevaEdicion\/wp-json\/wp\/v2\/comments?post=363044"}],"version-history":[{"count":1,"href":"http:\/\/www.noticiasdelparana.com.ar\/NuevaEdicion\/wp-json\/wp\/v2\/posts\/363044\/revisions"}],"predecessor-version":[{"id":363045,"href":"http:\/\/www.noticiasdelparana.com.ar\/NuevaEdicion\/wp-json\/wp\/v2\/posts\/363044\/revisions\/363045"}],"wp:featuredmedia":[{"embeddable":true,"href":"http:\/\/www.noticiasdelparana.com.ar\/NuevaEdicion\/wp-json\/wp\/v2\/media\/363032"}],"wp:attachment":[{"href":"http:\/\/www.noticiasdelparana.com.ar\/NuevaEdicion\/wp-json\/wp\/v2\/media?parent=363044"}],"wp:term":[{"taxonomy":"category","embeddable":true,"href":"http:\/\/www.noticiasdelparana.com.ar\/NuevaEdicion\/wp-json\/wp\/v2\/categories?post=363044"},{"taxonomy":"post_tag","embeddable":true,"href":"http:\/\/www.noticiasdelparana.com.ar\/NuevaEdicion\/wp-json\/wp\/v2\/tags?post=363044"}],"curies":[{"name":"wp","href":"https:\/\/api.w.org\/{rel}","templated":true}]}}