{"id":363046,"date":"2026-04-28T08:08:34","date_gmt":"2026-04-28T11:08:34","guid":{"rendered":"http:\/\/www.noticiasdelparana.com.ar\/NuevaEdicion\/?p=363046"},"modified":"2026-04-28T08:08:36","modified_gmt":"2026-04-28T11:08:36","slug":"chaco-el-gobierno-provincial-llevara-electricidad-a-zonas-rurales-que-nunca-tuvieron-servicio","status":"publish","type":"post","link":"http:\/\/www.noticiasdelparana.com.ar\/NuevaEdicion\/2026\/04\/28\/chaco-el-gobierno-provincial-llevara-electricidad-a-zonas-rurales-que-nunca-tuvieron-servicio\/","title":{"rendered":"CHACO:  El Gobierno Provincial Llevar\u00e1 Electricidad A Zonas Rurales Que Nunca Tuvieron Servicio"},"content":{"rendered":"\n<p>El gobernador Leandro Zdero, a trav\u00e9s del Ministerio de Infraestructura y la Subsecretar\u00eda de Energ\u00eda y Servicios P\u00fablicos, puso en marcha \u201cLuz Rural\u201d.<\/p>\n\n\n\n<p>Se trata de una pol\u00edtica p\u00fablica ejecutada \u00edntegramente por el Estado provincial, que contempla tanto la provisi\u00f3n de materiales como la ejecuci\u00f3n de las obras, con el objetivo de brindar respuestas concretas a familias que hist\u00f3ricamente no contaban con este servicio esencial.<\/p>\n\n\n\n<p>En una primera etapa, el programa proyecta beneficiar a m\u00e1s de 500 usuarios rurales mediante la construcci\u00f3n de aproximadamente 349 kil\u00f3metros de l\u00edneas de media tensi\u00f3n. La inversi\u00f3n supera los $4.500 millones en materiales y alcanza los $6.300 millones al incluir la mano de obra.<\/p>\n\n\n\n<p>La iniciativa se implementa de manera articulada, a partir de los requerimientos de los usuarios y del relevamiento territorial realizado por la Subsecretar\u00eda de Energ\u00eda, priorizando las necesidades de cada comunidad y garantizando una planificaci\u00f3n eficiente.<\/p>\n\n\n\n<p>\u201cLuz Rural\u201d tiene como objetivo mejorar la calidad de vida de las familias, fortalecer el desarrollo productivo y promover el arraigo rural, consolidando una pol\u00edtica de gesti\u00f3n que posiciona a la infraestructura como motor del crecimiento en todo el territorio provincial.&nbsp;<\/p>\n","protected":false},"excerpt":{"rendered":"<p>28-Abr-26 Se trata de un programa integral de electrificaci\u00f3n destinado a ampliar el acceso a la energ\u00eda el\u00e9ctrica en sectores rurales del Chaco.<\/p>\n","protected":false},"author":3,"featured_media":363047,"comment_status":"closed","ping_status":"closed","sticky":false,"template":"","format":"standard","meta":[],"categories":[98],"tags":[],"_links":{"self":[{"href":"http:\/\/www.noticiasdelparana.com.ar\/NuevaEdicion\/wp-json\/wp\/v2\/posts\/363046"}],"collection":[{"href":"http:\/\/www.noticiasdelparana.com.ar\/NuevaEdicion\/wp-json\/wp\/v2\/posts"}],"about":[{"href":"http:\/\/www.noticiasdelparana.com.ar\/NuevaEdicion\/wp-json\/wp\/v2\/types\/post"}],"author":[{"embeddable":true,"href":"http:\/\/www.noticiasdelparana.com.ar\/NuevaEdicion\/wp-json\/wp\/v2\/users\/3"}],"replies":[{"embeddable":true,"href":"http:\/\/www.noticiasdelparana.com.ar\/NuevaEdicion\/wp-json\/wp\/v2\/comments?post=363046"}],"version-history":[{"count":1,"href":"http:\/\/www.noticiasdelparana.com.ar\/NuevaEdicion\/wp-json\/wp\/v2\/posts\/363046\/revisions"}],"predecessor-version":[{"id":363048,"href":"http:\/\/www.noticiasdelparana.com.ar\/NuevaEdicion\/wp-json\/wp\/v2\/posts\/363046\/revisions\/363048"}],"wp:featuredmedia":[{"embeddable":true,"href":"http:\/\/www.noticiasdelparana.com.ar\/NuevaEdicion\/wp-json\/wp\/v2\/media\/363047"}],"wp:attachment":[{"href":"http:\/\/www.noticiasdelparana.com.ar\/NuevaEdicion\/wp-json\/wp\/v2\/media?parent=363046"}],"wp:term":[{"taxonomy":"category","embeddable":true,"href":"http:\/\/www.noticiasdelparana.com.ar\/NuevaEdicion\/wp-json\/wp\/v2\/categories?post=363046"},{"taxonomy":"post_tag","embeddable":true,"href":"http:\/\/www.noticiasdelparana.com.ar\/NuevaEdicion\/wp-json\/wp\/v2\/tags?post=363046"}],"curies":[{"name":"wp","href":"https:\/\/api.w.org\/{rel}","templated":true}]}}