{"id":363063,"date":"2026-04-28T08:32:02","date_gmt":"2026-04-28T11:32:02","guid":{"rendered":"http:\/\/www.noticiasdelparana.com.ar\/NuevaEdicion\/?p=363063"},"modified":"2026-04-28T08:32:06","modified_gmt":"2026-04-28T11:32:06","slug":"corrientes-fiesta-del-surubi-asi-sera-el-operativo-de-seguridad-en-goya","status":"publish","type":"post","link":"http:\/\/www.noticiasdelparana.com.ar\/NuevaEdicion\/2026\/04\/28\/corrientes-fiesta-del-surubi-asi-sera-el-operativo-de-seguridad-en-goya\/","title":{"rendered":"CORRIENTES: Fiesta Del Surub\u00ed: As\u00ed Ser\u00e1 El Operativo De Seguridad En Goya"},"content":{"rendered":"\n<p>En el marco de una nueva edici\u00f3n de la Fiesta Nacional del Surub\u00ed, la Polic\u00eda de Corrientes inform\u00f3 este s\u00e1bado un importante operativo de seguridad que se implementar\u00e1 en la localidad de Goya.<\/p>\n\n\n\n<p>Con el objetivo de prevenir incidentes, el dispositivo contar\u00e1 con la participaci\u00f3n de la fuerza provincial, junto a fuerzas federales y organismos municipales, quienes trabajar\u00e1n de manera coordinada en distintos puntos estrat\u00e9gicos de la ciudad.<\/p>\n\n\n\n<p>Controles y prevenci\u00f3n<\/p>\n\n\n\n<p>Desde la organizaci\u00f3n detallaron que se intensificar\u00e1n los controles vehiculares y de alcoholemia, especialmente en accesos, rutas y zonas cercanas al predio Costa Surub\u00ed.<\/p>\n\n\n\n<p>Adem\u00e1s, se realizar\u00e1n operativos de prevenci\u00f3n en espacios p\u00fablicos, costanera y lugares de alta concentraci\u00f3n de personas.<\/p>\n\n\n\n<p>Tambi\u00e9n se prev\u00e9 la presencia de efectivos en el predio del evento, donde se desarrollar\u00e1n actividades culturales, espect\u00e1culos y la tradicional competencia de pesca.<\/p>\n\n\n\n<p>Cobertura integral<\/p>\n\n\n\n<p>El operativo incluir\u00e1 personal de tr\u00e1nsito, seguridad vial, salud y emergencias, con ambulancias y puestos sanitarios distribuidos estrat\u00e9gicamente. Asimismo, se reforzar\u00e1 la iluminaci\u00f3n y se\u00f1alizaci\u00f3n en sectores clave para facilitar la circulaci\u00f3n.<\/p>\n\n\n\n<p>Las autoridades remarcaron que el objetivo es garantizar la seguridad de vecinos y turistas, teniendo en cuenta la gran afluencia de p\u00fablico que cada a\u00f1o convoca la Fiesta del Surub\u00ed.<\/p>\n\n\n\n<p>Finalmente, solicitaron a la comunidad respetar las indicaciones del personal de seguridad, evitar el consumo de alcohol al conducir y colaborar para que el evento se desarrolle con normalidad.<\/p>\n","protected":false},"excerpt":{"rendered":"<p>28-Abr-26 La fuerza provincial desplegar\u00e1 un fuerte operativo en la localidad de Goya. <\/p>\n","protected":false},"author":4,"featured_media":363051,"comment_status":"closed","ping_status":"closed","sticky":false,"template":"","format":"standard","meta":[],"categories":[139],"tags":[],"_links":{"self":[{"href":"http:\/\/www.noticiasdelparana.com.ar\/NuevaEdicion\/wp-json\/wp\/v2\/posts\/363063"}],"collection":[{"href":"http:\/\/www.noticiasdelparana.com.ar\/NuevaEdicion\/wp-json\/wp\/v2\/posts"}],"about":[{"href":"http:\/\/www.noticiasdelparana.com.ar\/NuevaEdicion\/wp-json\/wp\/v2\/types\/post"}],"author":[{"embeddable":true,"href":"http:\/\/www.noticiasdelparana.com.ar\/NuevaEdicion\/wp-json\/wp\/v2\/users\/4"}],"replies":[{"embeddable":true,"href":"http:\/\/www.noticiasdelparana.com.ar\/NuevaEdicion\/wp-json\/wp\/v2\/comments?post=363063"}],"version-history":[{"count":1,"href":"http:\/\/www.noticiasdelparana.com.ar\/NuevaEdicion\/wp-json\/wp\/v2\/posts\/363063\/revisions"}],"predecessor-version":[{"id":363064,"href":"http:\/\/www.noticiasdelparana.com.ar\/NuevaEdicion\/wp-json\/wp\/v2\/posts\/363063\/revisions\/363064"}],"wp:featuredmedia":[{"embeddable":true,"href":"http:\/\/www.noticiasdelparana.com.ar\/NuevaEdicion\/wp-json\/wp\/v2\/media\/363051"}],"wp:attachment":[{"href":"http:\/\/www.noticiasdelparana.com.ar\/NuevaEdicion\/wp-json\/wp\/v2\/media?parent=363063"}],"wp:term":[{"taxonomy":"category","embeddable":true,"href":"http:\/\/www.noticiasdelparana.com.ar\/NuevaEdicion\/wp-json\/wp\/v2\/categories?post=363063"},{"taxonomy":"post_tag","embeddable":true,"href":"http:\/\/www.noticiasdelparana.com.ar\/NuevaEdicion\/wp-json\/wp\/v2\/tags?post=363063"}],"curies":[{"name":"wp","href":"https:\/\/api.w.org\/{rel}","templated":true}]}}