{"id":363067,"date":"2026-04-28T08:56:08","date_gmt":"2026-04-28T11:56:08","guid":{"rendered":"http:\/\/www.noticiasdelparana.com.ar\/NuevaEdicion\/?p=363067"},"modified":"2026-04-28T08:56:12","modified_gmt":"2026-04-28T11:56:12","slug":"puerto-vilelas-reconocimiento-legislativo-para-el-deportista-adriano-kaiser-radich","status":"publish","type":"post","link":"http:\/\/www.noticiasdelparana.com.ar\/NuevaEdicion\/2026\/04\/28\/puerto-vilelas-reconocimiento-legislativo-para-el-deportista-adriano-kaiser-radich\/","title":{"rendered":"PUERTO VILELAS: Reconocimiento Legislativo Para El Deportista Adriano Kaiser Radich"},"content":{"rendered":"\n<p>La distinci\u00f3n fue impulsada por la diputada Gladys Gonz\u00e1lez y pone en valor no solo los logros alcanzados por el deportista \u2014entre ellos su consagraci\u00f3n como campe\u00f3n panamericano y su participaci\u00f3n en la Selecci\u00f3n Argentina\u2014 sino tambi\u00e9n el esfuerzo sostenido en su proceso de formaci\u00f3n.<\/p>\n\n\n\n<p>Durante el reconocimiento, tambi\u00e9n se destac\u00f3 el rol del profesor Pablo Duet, entrenador de Adriano y director de la Academia Chaku, quien ha sido una pieza clave en su desarrollo deportivo. Su trabajo al frente de la instituci\u00f3n ha permitido potenciar a numerosos j\u00f3venes que hoy representan a la provincia en competencias de alto nivel.<\/p>\n\n\n\n<p>Desde la direcci\u00f3n de deportes local celebraron esta distinci\u00f3n, que refleja el crecimiento del deporte local y el impacto del trabajo formativo en las academias.<\/p>\n\n\n\n<figure class=\"wp-block-image size-large\"><img loading=\"lazy\" width=\"640\" height=\"480\" src=\"https:\/\/www.noticiasdelparana.com.ar\/NuevaEdicion\/wp-content\/uploads\/2026\/04\/reco.jpg\" alt=\"\" class=\"wp-image-363069\" srcset=\"http:\/\/www.noticiasdelparana.com.ar\/NuevaEdicion\/wp-content\/uploads\/2026\/04\/reco.jpg 640w, http:\/\/www.noticiasdelparana.com.ar\/NuevaEdicion\/wp-content\/uploads\/2026\/04\/reco-300x225.jpg 300w\" sizes=\"(max-width: 640px) 100vw, 640px\" \/><\/figure>\n\n\n\n<p>LA RESOLUCI\u00d3N<\/p>\n\n\n\n<p>La C\u00e1mara de Diputados de la Provincia del Chaco<\/p>\n\n\n\n<p>Resuelve<\/p>\n\n\n\n<p>19) Declarar de inter\u00e9s legislativo la trayectoria deportiva del joven Adriano Kaiser Radich, oriundo de la localidad de Puerto Vilelas por su destacada participaci\u00f3n y los logros obtenidos en las disciplinas de kickboxing y kung fu a nivel regional, nacional e internacional.<\/p>\n\n\n\n<p>2\u00b0) Expresar reconocimiento por su consagraci\u00f3n como Campe\u00f3n Panamericano en la Rep\u00fablica Federativa del Brasil 2022 y por los t\u00edtulos de Campe\u00f3n Nacional y Regional obtenidos en distintas competencias desarrolladas en las provincias de Formosa, Chaco,<\/p>\n\n\n\n<p>Buenos Aires, Corrientes y en la ciudad de Mar del Plata, durante los a\u00f1os 2022, 2023, 2025 y 2026.<\/p>\n\n\n\n<p>3\u00b0) Destacar su clasificaci\u00f3n para integrar la Selecci\u00f3n Argentina de Kickboxing en los a\u00f1os 2022, 2023 y 2025, representando al Pa\u00eds y a la Provincia en competencias de alto\u00a0nivel.<\/p>\n\n\n\n<p>4\u00b0) Resaltar la importancia de reconocer p\u00fablicamente trayectorias deportivas como la de este joven deportista, por constituir un ejemplo de disciplina, superaci\u00f3n y compromiso para la juventud chaque\u00f1a.<\/p>\n\n\n\n<p>5\u00b0) Registrar la presente resoluci\u00f3n, efectuar las comunicaciones pertinentes y oportuna-<\/p>\n","protected":false},"excerpt":{"rendered":"<p>28-Abr-26 La C\u00e1mara de Diputados de la Provincia del Chaco declar\u00f3 de Inter\u00e9s Legislativo la destacada trayectoria deportiva de Adriano Kaiser Radich, joven oriundo de Puerto Vilelas que se ha consolidado como uno de los talentos m\u00e1s prometedores de la regi\u00f3n.<\/p>\n","protected":false},"author":3,"featured_media":363068,"comment_status":"closed","ping_status":"closed","sticky":false,"template":"","format":"standard","meta":[],"categories":[108,101],"tags":[],"_links":{"self":[{"href":"http:\/\/www.noticiasdelparana.com.ar\/NuevaEdicion\/wp-json\/wp\/v2\/posts\/363067"}],"collection":[{"href":"http:\/\/www.noticiasdelparana.com.ar\/NuevaEdicion\/wp-json\/wp\/v2\/posts"}],"about":[{"href":"http:\/\/www.noticiasdelparana.com.ar\/NuevaEdicion\/wp-json\/wp\/v2\/types\/post"}],"author":[{"embeddable":true,"href":"http:\/\/www.noticiasdelparana.com.ar\/NuevaEdicion\/wp-json\/wp\/v2\/users\/3"}],"replies":[{"embeddable":true,"href":"http:\/\/www.noticiasdelparana.com.ar\/NuevaEdicion\/wp-json\/wp\/v2\/comments?post=363067"}],"version-history":[{"count":1,"href":"http:\/\/www.noticiasdelparana.com.ar\/NuevaEdicion\/wp-json\/wp\/v2\/posts\/363067\/revisions"}],"predecessor-version":[{"id":363070,"href":"http:\/\/www.noticiasdelparana.com.ar\/NuevaEdicion\/wp-json\/wp\/v2\/posts\/363067\/revisions\/363070"}],"wp:featuredmedia":[{"embeddable":true,"href":"http:\/\/www.noticiasdelparana.com.ar\/NuevaEdicion\/wp-json\/wp\/v2\/media\/363068"}],"wp:attachment":[{"href":"http:\/\/www.noticiasdelparana.com.ar\/NuevaEdicion\/wp-json\/wp\/v2\/media?parent=363067"}],"wp:term":[{"taxonomy":"category","embeddable":true,"href":"http:\/\/www.noticiasdelparana.com.ar\/NuevaEdicion\/wp-json\/wp\/v2\/categories?post=363067"},{"taxonomy":"post_tag","embeddable":true,"href":"http:\/\/www.noticiasdelparana.com.ar\/NuevaEdicion\/wp-json\/wp\/v2\/tags?post=363067"}],"curies":[{"name":"wp","href":"https:\/\/api.w.org\/{rel}","templated":true}]}}