{"id":363071,"date":"2026-04-28T08:59:16","date_gmt":"2026-04-28T11:59:16","guid":{"rendered":"http:\/\/www.noticiasdelparana.com.ar\/NuevaEdicion\/?p=363071"},"modified":"2026-04-28T08:59:46","modified_gmt":"2026-04-28T11:59:46","slug":"castelli-secuestran-armas-y-madera-en-operativos-rurales-en-general-guemes","status":"publish","type":"post","link":"http:\/\/www.noticiasdelparana.com.ar\/NuevaEdicion\/2026\/04\/28\/castelli-secuestran-armas-y-madera-en-operativos-rurales-en-general-guemes\/","title":{"rendered":"CASTELLI: Secuestran Armas Y Madera En Operativos Rurales En General G\u00fcemes"},"content":{"rendered":"\n<p>El primer procedimiento tuvo lugar pasadas las 14 en el Paraje La Florida Chica, donde los agentes interceptaron una camioneta Chevrolet S-10 conducida por un hombre de 46 a\u00f1os. Durante la inspecci\u00f3n, se constat\u00f3 que transportaba un arma de fuego tipo rifle, modificada a calibre .22, sin marca visible. El arma fue secuestrada en el marco de una causa por supuesta infracci\u00f3n al art\u00edculo 189 Bis del C\u00f3digo Penal Argentino. El conductor fue notificado de su infracci\u00f3n con intervenci\u00f3n de la Fiscal\u00eda de Investigaci\u00f3n Penal N\u00b0 2, a cargo del doctor Ger\u00f3nimo A. Roggero.<\/p>\n\n\n\n<p>Horas m\u00e1s tarde, alrededor de las 17, se concret\u00f3 un segundo procedimiento en Paraje Zaparinqui. En circunstancias similares, los uniformados detuvieron la marcha de una camioneta Ford F-100, conducida por un hombre de 44 a\u00f1os, quien tambi\u00e9n transportaba un rifle modificado calibre .22, sin documentaci\u00f3n respaldatoria. El arma fue secuestrada y el infractor notificado de su situaci\u00f3n legal.<\/p>\n\n\n\n<p>Finalmente, alrededor de las 19, en otro sector de Paraje Zaparinqui, efectivos detectaron un cami\u00f3n Fiat 695N que transportaba aproximadamente 11.000 kilos de rollos de quebracho colorado chaque\u00f1o. Al ser inspeccionado, el conductor present\u00f3 una gu\u00eda de transporte forestal que no coincid\u00eda con el origen real de la carga.<\/p>\n\n\n\n<p>Ante esa irregularidad, se dio intervenci\u00f3n a la Direcci\u00f3n de Bosques, cuyo responsable dispuso el secuestro tanto de la madera como de la documentaci\u00f3n presentada. El cargamento fue trasladado al predio del departamento para su resguardo, en el marco de una causa por supuesta infracci\u00f3n a la Ley Provincial N\u00b0 2079-R de Bosques.<\/p>\n","protected":false},"excerpt":{"rendered":"<p>28-Abr-26 En el marco de un operativo llevado adelante por el Departamento de Seguridad Rural de Juan Jos\u00e9 Castelli, efectivos policiales realizaron distintos procedimientos durante la jornada del lunes en zonas rurales del departamento General G\u00fcemes.<\/p>\n","protected":false},"author":4,"featured_media":363072,"comment_status":"closed","ping_status":"closed","sticky":false,"template":"","format":"standard","meta":[],"categories":[103],"tags":[],"_links":{"self":[{"href":"http:\/\/www.noticiasdelparana.com.ar\/NuevaEdicion\/wp-json\/wp\/v2\/posts\/363071"}],"collection":[{"href":"http:\/\/www.noticiasdelparana.com.ar\/NuevaEdicion\/wp-json\/wp\/v2\/posts"}],"about":[{"href":"http:\/\/www.noticiasdelparana.com.ar\/NuevaEdicion\/wp-json\/wp\/v2\/types\/post"}],"author":[{"embeddable":true,"href":"http:\/\/www.noticiasdelparana.com.ar\/NuevaEdicion\/wp-json\/wp\/v2\/users\/4"}],"replies":[{"embeddable":true,"href":"http:\/\/www.noticiasdelparana.com.ar\/NuevaEdicion\/wp-json\/wp\/v2\/comments?post=363071"}],"version-history":[{"count":1,"href":"http:\/\/www.noticiasdelparana.com.ar\/NuevaEdicion\/wp-json\/wp\/v2\/posts\/363071\/revisions"}],"predecessor-version":[{"id":363073,"href":"http:\/\/www.noticiasdelparana.com.ar\/NuevaEdicion\/wp-json\/wp\/v2\/posts\/363071\/revisions\/363073"}],"wp:featuredmedia":[{"embeddable":true,"href":"http:\/\/www.noticiasdelparana.com.ar\/NuevaEdicion\/wp-json\/wp\/v2\/media\/363072"}],"wp:attachment":[{"href":"http:\/\/www.noticiasdelparana.com.ar\/NuevaEdicion\/wp-json\/wp\/v2\/media?parent=363071"}],"wp:term":[{"taxonomy":"category","embeddable":true,"href":"http:\/\/www.noticiasdelparana.com.ar\/NuevaEdicion\/wp-json\/wp\/v2\/categories?post=363071"},{"taxonomy":"post_tag","embeddable":true,"href":"http:\/\/www.noticiasdelparana.com.ar\/NuevaEdicion\/wp-json\/wp\/v2\/tags?post=363071"}],"curies":[{"name":"wp","href":"https:\/\/api.w.org\/{rel}","templated":true}]}}