{"id":363090,"date":"2026-04-28T10:02:11","date_gmt":"2026-04-28T13:02:11","guid":{"rendered":"http:\/\/www.noticiasdelparana.com.ar\/NuevaEdicion\/?p=363090"},"modified":"2026-04-28T11:57:01","modified_gmt":"2026-04-28T14:57:01","slug":"barranqueras-gran-convocatoria-en-charla-sobre-danos-en-accidentes-de-transito","status":"publish","type":"post","link":"http:\/\/www.noticiasdelparana.com.ar\/NuevaEdicion\/2026\/04\/28\/barranqueras-gran-convocatoria-en-charla-sobre-danos-en-accidentes-de-transito\/","title":{"rendered":"BARRANQUERAS: Gran Convocatoria En Charla Sobre Da\u00f1os En Accidentes De Tr\u00e1nsito"},"content":{"rendered":"\n<p>Con una destacada participaci\u00f3n de profesionales y estudiantes del \u00e1mbito jur\u00eddico, se llev\u00f3 a cabo este lunes 27 de abril en Barranqueras la charla titulada \u201cProbar y cuantificar el da\u00f1o en accidentes de tr\u00e1nsito: desaf\u00edos actuales\u201d, organizada por la Comisi\u00f3n de la abogac\u00eda de Barranqueras, Puerto Vilelas e Isla del Cerrito avalados por el Consejo Profesional de la Abogac\u00eda 1\u00b0 Circunscripci\u00f3n Judicial del Chaco.<\/p>\n\n\n\n<p>La actividad tuvo lugar en avenida 9 de Julio al 4500 y form\u00f3 parte de una propuesta de capacitaci\u00f3n orientada a fortalecer herramientas pr\u00e1cticas en materia de litigios por siniestros viales. Durante la jornada se abordaron temas centrales como la confecci\u00f3n de planillas, los distintos rubros indemnizatorios y el an\u00e1lisis de casos concretos, aspectos clave para el ejercicio profesional.<\/p>\n\n\n\n<p>La disertaci\u00f3n estuvo a cargo de la Dra. Mar\u00eda Eugenia Barranco Cort\u00e9s, jueza del Juzgado Civil y Comercial N\u00ba 4 de Resistencia, junto al Dr. Jos\u00e9 Lago, secretario del mismo organismo, quienes compartieron su experiencia y perspectiva sobre los desaf\u00edos actuales en la materia.<\/p>\n\n\n\n<p><a href=\"https:\/\/www.youtube.com\/shorts\/HCbiJD_Q_u4?feature=share\">https:\/\/www.youtube.com\/shorts\/HCbiJD_Q_u4?feature=share<\/a><\/p>\n\n\n\n<p>En di\u00e1logo con Noticias del Paran\u00e1, la vicepresidenta del Consejo de la Abogac\u00eda de Barranqueras, Vilelas e Isla del Cerrito, Ethel G\u00f3mez destac\u00f3 el inicio de un nuevo cronograma de actividades: \u201cEstamos muy contentos de comenzar con estas charlas y capacitaciones junto a la Comisi\u00f3n. Es un gran desaf\u00edo que asumimos con compromiso, buscando que los colegas se sumen no s\u00f3lo a la formaci\u00f3n acad\u00e9mica, sino tambi\u00e9n a la participaci\u00f3n y el fortalecimiento del sentido de pertenencia\u201d.<\/p>\n\n\n\n<figure class=\"wp-block-image size-large\"><img loading=\"lazy\" width=\"954\" height=\"760\" src=\"https:\/\/www.noticiasdelparana.com.ar\/NuevaEdicion\/wp-content\/uploads\/2026\/04\/WhatsApp-Image-2026-04-28-at-07.00.00.jpeg\" alt=\"\" class=\"wp-image-363093\" srcset=\"http:\/\/www.noticiasdelparana.com.ar\/NuevaEdicion\/wp-content\/uploads\/2026\/04\/WhatsApp-Image-2026-04-28-at-07.00.00.jpeg 954w, http:\/\/www.noticiasdelparana.com.ar\/NuevaEdicion\/wp-content\/uploads\/2026\/04\/WhatsApp-Image-2026-04-28-at-07.00.00-300x239.jpeg 300w, http:\/\/www.noticiasdelparana.com.ar\/NuevaEdicion\/wp-content\/uploads\/2026\/04\/WhatsApp-Image-2026-04-28-at-07.00.00-768x612.jpeg 768w\" sizes=\"(max-width: 954px) 100vw, 954px\" \/><\/figure>\n\n\n\n<p>Asimismo, remarc\u00f3 que las actividades son gratuitas y abiertas, y valor\u00f3 la predisposici\u00f3n de los disertantes: \u201cAgradecemos especialmente a la Dra. Barranco Cort\u00e9s y al Dr. Lago por su generosidad y compromiso para llevar adelante esta propuesta\u201d.<\/p>\n\n\n\n<p><a href=\"https:\/\/www.youtube.com\/shorts\/w5Wycr2o9l8?feature=share\">https:\/\/www.youtube.com\/shorts\/w5Wycr2o9l8?feature=share<\/a><\/p>\n\n\n\n<p>Por su parte, Carlos Negrini, integrante de la Comisi\u00f3n, expres\u00f3 su satisfacci\u00f3n por la convocatoria: \u201cLa verdad que nos sorprendi\u00f3 la cantidad de asistentes. Vamos a continuar con estas charlas mensuales en Barranqueras, abiertas a todos los colegas que deseen participar\u201d.<\/p>\n\n\n\n<p>Adem\u00e1s, inform\u00f3 que quienes est\u00e9n interesados en sumarse a la comisi\u00f3n o realizar consultas pueden hacerlo a trav\u00e9s de redes sociales o comunic\u00e1ndose al n\u00famero 3624-022781.<\/p>\n\n\n\n<p>Desde la comisi\u00f3n adelantaron que se continuar\u00e1 con una agenda mensual de capacitaciones sobre diversas tem\u00e1ticas jur\u00eddicas, con el objetivo de fortalecer la formaci\u00f3n profesional y acercar herramientas \u00fatiles tambi\u00e9n a la comunidad.<\/p>\n\n\n\n<p>Finalmente, destacaron la participaci\u00f3n de asistentes provenientes no solo de Barranqueras, sino tambi\u00e9n de Resistencia y Corrientes, lo que indica el inter\u00e9s regional por este tipo de propuestas.<\/p>\n","protected":false},"excerpt":{"rendered":"<p>28-Abr-26  Se trata de la primera, de un ciclo de charlas gratuitas organizada por la Comisi\u00f3n de abogados de Barranqueras, Puerto Vilelas e Isla del Cerrito.<\/p>\n","protected":false},"author":3,"featured_media":363091,"comment_status":"closed","ping_status":"closed","sticky":false,"template":"","format":"standard","meta":[],"categories":[99],"tags":[],"_links":{"self":[{"href":"http:\/\/www.noticiasdelparana.com.ar\/NuevaEdicion\/wp-json\/wp\/v2\/posts\/363090"}],"collection":[{"href":"http:\/\/www.noticiasdelparana.com.ar\/NuevaEdicion\/wp-json\/wp\/v2\/posts"}],"about":[{"href":"http:\/\/www.noticiasdelparana.com.ar\/NuevaEdicion\/wp-json\/wp\/v2\/types\/post"}],"author":[{"embeddable":true,"href":"http:\/\/www.noticiasdelparana.com.ar\/NuevaEdicion\/wp-json\/wp\/v2\/users\/3"}],"replies":[{"embeddable":true,"href":"http:\/\/www.noticiasdelparana.com.ar\/NuevaEdicion\/wp-json\/wp\/v2\/comments?post=363090"}],"version-history":[{"count":3,"href":"http:\/\/www.noticiasdelparana.com.ar\/NuevaEdicion\/wp-json\/wp\/v2\/posts\/363090\/revisions"}],"predecessor-version":[{"id":363105,"href":"http:\/\/www.noticiasdelparana.com.ar\/NuevaEdicion\/wp-json\/wp\/v2\/posts\/363090\/revisions\/363105"}],"wp:featuredmedia":[{"embeddable":true,"href":"http:\/\/www.noticiasdelparana.com.ar\/NuevaEdicion\/wp-json\/wp\/v2\/media\/363091"}],"wp:attachment":[{"href":"http:\/\/www.noticiasdelparana.com.ar\/NuevaEdicion\/wp-json\/wp\/v2\/media?parent=363090"}],"wp:term":[{"taxonomy":"category","embeddable":true,"href":"http:\/\/www.noticiasdelparana.com.ar\/NuevaEdicion\/wp-json\/wp\/v2\/categories?post=363090"},{"taxonomy":"post_tag","embeddable":true,"href":"http:\/\/www.noticiasdelparana.com.ar\/NuevaEdicion\/wp-json\/wp\/v2\/tags?post=363090"}],"curies":[{"name":"wp","href":"https:\/\/api.w.org\/{rel}","templated":true}]}}