{"id":363099,"date":"2026-04-28T11:26:04","date_gmt":"2026-04-28T14:26:04","guid":{"rendered":"http:\/\/www.noticiasdelparana.com.ar\/NuevaEdicion\/?p=363099"},"modified":"2026-04-28T11:26:51","modified_gmt":"2026-04-28T14:26:51","slug":"resistencia-personal-municipal-fue-capacitado-con-miras-al-nuevo-servicio-de-recoleccion-diferenciada-de-residuos","status":"publish","type":"post","link":"http:\/\/www.noticiasdelparana.com.ar\/NuevaEdicion\/2026\/04\/28\/resistencia-personal-municipal-fue-capacitado-con-miras-al-nuevo-servicio-de-recoleccion-diferenciada-de-residuos\/","title":{"rendered":"RESISTENCIA: Personal Municipal Fue Capacitado Con Miras Al Nuevo Servicio De Recolecci\u00f3n Diferenciada De Residuos"},"content":{"rendered":"\n<p>La actividad se desarroll\u00f3 en la Biblioteca Municipal \u201cHip\u00f3lito Yrigoyen\u201d y estuvo encabezada por el secretario de Ambiente y Movilidad Urbana, N\u00e9stor Dellamea, quien explic\u00f3 que el objetivo es preparar a los equipos para trabajar en este esquema innovador que se suma al servicio tradicional de recolecci\u00f3n. \u201cEstamos iniciando un sistema itinerante los d\u00edas s\u00e1bados, en distintos puntos de la ciudad, y vamos a informar casa por casa para que los vecinos sepan qu\u00e9 residuos pueden llevar y c\u00f3mo organizarlos\u201d, se\u00f1al\u00f3.<\/p>\n\n\n\n<p>En esta primera etapa, el sistema combinar\u00e1 puntos m\u00f3viles y puntos fijos. Uno de ellos ya funciona en avenida Soberan\u00eda Nacional 3.050, donde los vecinos pueden acercar residuos secos y ramas previamente separadas. En el caso de las ramas, el municipio realiza un tratamiento de chipeo que permite reutilizarlas como abono o relleno, disponible tambi\u00e9n para quienes deseen retirarlo.<\/p>\n\n\n\n<p>La capacitaci\u00f3n busca garantizar que el personal municipal pueda acompa\u00f1ar a los vecinos en este proceso de adaptaci\u00f3n, brindando informaci\u00f3n clara y promoviendo h\u00e1bitos responsables.<\/p>\n\n\n\n<p>La propuesta se enmarca en la gesti\u00f3n del intendente Roy Nikisch, que impulsa pol\u00edticas p\u00fablicas orientadas a estar cerca de la comunidad y ofrecer la mayor cantidad de servicios posibles.<\/p>\n\n\n\n<p>La Comuna de Resistencia reafirma as\u00ed su compromiso de construir una ciudad m\u00e1s limpia, sustentable y preparada para los desaf\u00edos del futuro.<\/p>\n","protected":false},"excerpt":{"rendered":"<p>28-Abr-26 La Municipalidad de Resistencia llev\u00f3 adelante talleres de capacitaci\u00f3n destinados al personal que estar\u00e1 a cargo de la implementaci\u00f3n del nuevo sistema de recolecci\u00f3n diferenciada de residuos, cuya primera etapa comienza en la ciudad.<\/p>\n","protected":false},"author":4,"featured_media":363100,"comment_status":"closed","ping_status":"closed","sticky":false,"template":"","format":"standard","meta":[],"categories":[102],"tags":[],"_links":{"self":[{"href":"http:\/\/www.noticiasdelparana.com.ar\/NuevaEdicion\/wp-json\/wp\/v2\/posts\/363099"}],"collection":[{"href":"http:\/\/www.noticiasdelparana.com.ar\/NuevaEdicion\/wp-json\/wp\/v2\/posts"}],"about":[{"href":"http:\/\/www.noticiasdelparana.com.ar\/NuevaEdicion\/wp-json\/wp\/v2\/types\/post"}],"author":[{"embeddable":true,"href":"http:\/\/www.noticiasdelparana.com.ar\/NuevaEdicion\/wp-json\/wp\/v2\/users\/4"}],"replies":[{"embeddable":true,"href":"http:\/\/www.noticiasdelparana.com.ar\/NuevaEdicion\/wp-json\/wp\/v2\/comments?post=363099"}],"version-history":[{"count":1,"href":"http:\/\/www.noticiasdelparana.com.ar\/NuevaEdicion\/wp-json\/wp\/v2\/posts\/363099\/revisions"}],"predecessor-version":[{"id":363101,"href":"http:\/\/www.noticiasdelparana.com.ar\/NuevaEdicion\/wp-json\/wp\/v2\/posts\/363099\/revisions\/363101"}],"wp:featuredmedia":[{"embeddable":true,"href":"http:\/\/www.noticiasdelparana.com.ar\/NuevaEdicion\/wp-json\/wp\/v2\/media\/363100"}],"wp:attachment":[{"href":"http:\/\/www.noticiasdelparana.com.ar\/NuevaEdicion\/wp-json\/wp\/v2\/media?parent=363099"}],"wp:term":[{"taxonomy":"category","embeddable":true,"href":"http:\/\/www.noticiasdelparana.com.ar\/NuevaEdicion\/wp-json\/wp\/v2\/categories?post=363099"},{"taxonomy":"post_tag","embeddable":true,"href":"http:\/\/www.noticiasdelparana.com.ar\/NuevaEdicion\/wp-json\/wp\/v2\/tags?post=363099"}],"curies":[{"name":"wp","href":"https:\/\/api.w.org\/{rel}","templated":true}]}}