{"id":363106,"date":"2026-04-28T12:11:56","date_gmt":"2026-04-28T15:11:56","guid":{"rendered":"http:\/\/www.noticiasdelparana.com.ar\/NuevaEdicion\/?p=363106"},"modified":"2026-04-28T12:12:00","modified_gmt":"2026-04-28T15:12:00","slug":"pampa-del-indio-el-gobierno-refuerza-la-asistencia-en-todos-los-barrios-ante-la-emergencia-hidrica","status":"publish","type":"post","link":"http:\/\/www.noticiasdelparana.com.ar\/NuevaEdicion\/2026\/04\/28\/pampa-del-indio-el-gobierno-refuerza-la-asistencia-en-todos-los-barrios-ante-la-emergencia-hidrica\/","title":{"rendered":"PAMPA DEL INDIO: El Gobierno Refuerza La Asistencia En Todos Los Barrios Ante La Emergencia H\u00eddrica"},"content":{"rendered":"\n<p>El concejal local V\u00edctor Maidana resalt\u00f3 el despliegue coordinado que se lleva adelante, con eje en el \u00e1rea de Desarrollo Humano y el programa \u00d1achec, que permiten una respuesta inmediata en el territorio.<\/p>\n\n\n\n<p>\u201cAcompa\u00f1amos y damos respuestas en Santos L\u00f3pez junto a grupos familiares\u201d, se\u00f1al\u00f3 Maidana, quien adem\u00e1s indic\u00f3 que los recorridos contin\u00faan en distintos sectores de la localidad junto a la concejal Paola Novotny y equipos del gobierno provincial.<\/p>\n\n\n\n<p>En la misma l\u00ednea, Novotny subray\u00f3 el contacto permanente con los vecinos: \u201cEstamos presentes en cada barrio, escuchando las necesidades y acercando soluciones concretas en medio de esta situaci\u00f3n compleja\u201d.<\/p>\n\n\n\n<p>Adem\u00e1s, destac\u00f3 la importancia del trabajo conjunto entre las distintas \u00e1reas del Estado: \u201cLa articulaci\u00f3n nos permite actuar con rapidez y brindar contenci\u00f3n a quienes m\u00e1s lo necesitan\u201d.<\/p>\n\n\n\n<p>Las autoridades coincidieron en que estas acciones responden a una directiva clara del gobernador Leandro Zdero, orientada a reforzar la asistencia en contextos de emergencia. \u201cVamos a continuar con este trabajo, coordinando esfuerzos y acompa\u00f1ando a cada familia afectada\u201d, concluy\u00f3 Maidana.<\/p>\n\n\n\n<p>El operativo contin\u00faa en marcha con el objetivo de garantizar presencia estatal y respuestas concretas en toda la localidad.<\/p>\n","protected":false},"excerpt":{"rendered":"<p>28-Abr-26  Ante el impacto de las fuertes lluvias pasadas, el Gobierno del Chaco mantiene un operativo sostenido en Pampa del Indio, con intervenci\u00f3n directa en barrios y parajes para asistir a las familias damnificadas.<\/p>\n","protected":false},"author":3,"featured_media":363107,"comment_status":"closed","ping_status":"closed","sticky":false,"template":"","format":"standard","meta":[],"categories":[98],"tags":[],"_links":{"self":[{"href":"http:\/\/www.noticiasdelparana.com.ar\/NuevaEdicion\/wp-json\/wp\/v2\/posts\/363106"}],"collection":[{"href":"http:\/\/www.noticiasdelparana.com.ar\/NuevaEdicion\/wp-json\/wp\/v2\/posts"}],"about":[{"href":"http:\/\/www.noticiasdelparana.com.ar\/NuevaEdicion\/wp-json\/wp\/v2\/types\/post"}],"author":[{"embeddable":true,"href":"http:\/\/www.noticiasdelparana.com.ar\/NuevaEdicion\/wp-json\/wp\/v2\/users\/3"}],"replies":[{"embeddable":true,"href":"http:\/\/www.noticiasdelparana.com.ar\/NuevaEdicion\/wp-json\/wp\/v2\/comments?post=363106"}],"version-history":[{"count":1,"href":"http:\/\/www.noticiasdelparana.com.ar\/NuevaEdicion\/wp-json\/wp\/v2\/posts\/363106\/revisions"}],"predecessor-version":[{"id":363108,"href":"http:\/\/www.noticiasdelparana.com.ar\/NuevaEdicion\/wp-json\/wp\/v2\/posts\/363106\/revisions\/363108"}],"wp:featuredmedia":[{"embeddable":true,"href":"http:\/\/www.noticiasdelparana.com.ar\/NuevaEdicion\/wp-json\/wp\/v2\/media\/363107"}],"wp:attachment":[{"href":"http:\/\/www.noticiasdelparana.com.ar\/NuevaEdicion\/wp-json\/wp\/v2\/media?parent=363106"}],"wp:term":[{"taxonomy":"category","embeddable":true,"href":"http:\/\/www.noticiasdelparana.com.ar\/NuevaEdicion\/wp-json\/wp\/v2\/categories?post=363106"},{"taxonomy":"post_tag","embeddable":true,"href":"http:\/\/www.noticiasdelparana.com.ar\/NuevaEdicion\/wp-json\/wp\/v2\/tags?post=363106"}],"curies":[{"name":"wp","href":"https:\/\/api.w.org\/{rel}","templated":true}]}}