{"id":363109,"date":"2026-04-28T12:20:49","date_gmt":"2026-04-28T15:20:49","guid":{"rendered":"http:\/\/www.noticiasdelparana.com.ar\/NuevaEdicion\/?p=363109"},"modified":"2026-04-28T12:20:54","modified_gmt":"2026-04-28T15:20:54","slug":"colonias-unidas-un-efectivo-policial-recibio-un-disparo-en-el-brazo-en-la-comisaria","status":"publish","type":"post","link":"http:\/\/www.noticiasdelparana.com.ar\/NuevaEdicion\/2026\/04\/28\/colonias-unidas-un-efectivo-policial-recibio-un-disparo-en-el-brazo-en-la-comisaria\/","title":{"rendered":"COLONIAS UNIDAS: Un Efectivo Policial Recibi\u00f3 Un Disparo En El Brazo En La Comisar\u00eda"},"content":{"rendered":"\n<p>Alrededor de las 04:30, se tom\u00f3 conocimiento de que un Oficial, por causas que son objeto de investigaci\u00f3n, accion\u00f3 efectu\u00f3 varios disparos dentro del sector de la guardia de prevenci\u00f3n de la unidad. Como consecuencia del hecho, un Agente result\u00f3 con una herida de arma de fuego en su brazo izquierdo.<\/p>\n\n\n\n<p>El efectivo lesionado fue asistido en primera instancia en el nosocomio local y luego derivado al Hospital F\u00e9lix A. Pertile de General San Mart\u00edn. Seg\u00fan el parte m\u00e9dico, presenta una fractura multifragmentaria de la di\u00e1fisis humeral, por lo cual se dispuso su traslado al Hospital Perrando de Resistencia para una atenci\u00f3n de mayor complejidad.<\/p>\n\n\n\n<p>Actuaciones periciales y administrativas<\/p>\n\n\n\n<p>Bajo la supervisi\u00f3n de la Ayudante Fiscal N\u00b0 2 de General San Mart\u00edn, Dra. Valeria Ver\u00f3n, y el Gabinete Cient\u00edfico, se realizaron las pericias en el lugar, procedi\u00e9ndose al secuestro del arma reglamentaria Bersa 9mm, vainas servidas, cartuchos y el equipo de telefon\u00eda del oficial involucrado. Adem\u00e1s, el Oficial fue detenido y trasladado para los ex\u00e1menes toxicol\u00f3gicos y forenses ordenados por la fiscal\u00eda interviniente.<\/p>\n\n\n\n<p>Medidas institucionales<\/p>\n\n\n\n<p>Por disposici\u00f3n del Ministro de Seguridad, el \u00d3rgano de Control Institucional (OCI) tom\u00f3 intervenci\u00f3n directa y se le inici\u00f3 un&nbsp; sumario administrativo al efectivo policial, tambi\u00e9n fue separado del servicio con retenciones de haberes.<\/p>\n","protected":false},"excerpt":{"rendered":"<p>28-Abr-26  La Jefatura de Polic\u00eda informa que, en la madrugada de este martes, se registr\u00f3 un grave incidente en la Comisar\u00eda de Colonias Unidas que involucr\u00f3 a personal policial de turno y deriv\u00f3 en la inmediata intervenci\u00f3n de \u00f3rganos de control y la justicia.<\/p>\n","protected":false},"author":3,"featured_media":363110,"comment_status":"closed","ping_status":"closed","sticky":false,"template":"","format":"standard","meta":[],"categories":[103],"tags":[],"_links":{"self":[{"href":"http:\/\/www.noticiasdelparana.com.ar\/NuevaEdicion\/wp-json\/wp\/v2\/posts\/363109"}],"collection":[{"href":"http:\/\/www.noticiasdelparana.com.ar\/NuevaEdicion\/wp-json\/wp\/v2\/posts"}],"about":[{"href":"http:\/\/www.noticiasdelparana.com.ar\/NuevaEdicion\/wp-json\/wp\/v2\/types\/post"}],"author":[{"embeddable":true,"href":"http:\/\/www.noticiasdelparana.com.ar\/NuevaEdicion\/wp-json\/wp\/v2\/users\/3"}],"replies":[{"embeddable":true,"href":"http:\/\/www.noticiasdelparana.com.ar\/NuevaEdicion\/wp-json\/wp\/v2\/comments?post=363109"}],"version-history":[{"count":1,"href":"http:\/\/www.noticiasdelparana.com.ar\/NuevaEdicion\/wp-json\/wp\/v2\/posts\/363109\/revisions"}],"predecessor-version":[{"id":363111,"href":"http:\/\/www.noticiasdelparana.com.ar\/NuevaEdicion\/wp-json\/wp\/v2\/posts\/363109\/revisions\/363111"}],"wp:featuredmedia":[{"embeddable":true,"href":"http:\/\/www.noticiasdelparana.com.ar\/NuevaEdicion\/wp-json\/wp\/v2\/media\/363110"}],"wp:attachment":[{"href":"http:\/\/www.noticiasdelparana.com.ar\/NuevaEdicion\/wp-json\/wp\/v2\/media?parent=363109"}],"wp:term":[{"taxonomy":"category","embeddable":true,"href":"http:\/\/www.noticiasdelparana.com.ar\/NuevaEdicion\/wp-json\/wp\/v2\/categories?post=363109"},{"taxonomy":"post_tag","embeddable":true,"href":"http:\/\/www.noticiasdelparana.com.ar\/NuevaEdicion\/wp-json\/wp\/v2\/tags?post=363109"}],"curies":[{"name":"wp","href":"https:\/\/api.w.org\/{rel}","templated":true}]}}