{"id":363112,"date":"2026-04-28T13:01:20","date_gmt":"2026-04-28T16:01:20","guid":{"rendered":"http:\/\/www.noticiasdelparana.com.ar\/NuevaEdicion\/?p=363112"},"modified":"2026-04-28T13:01:25","modified_gmt":"2026-04-28T16:01:25","slug":"chaco-detuvieron-a-un-joven-tras-una-seguidilla-de-robos-en-comercios-de-la-capital","status":"publish","type":"post","link":"http:\/\/www.noticiasdelparana.com.ar\/NuevaEdicion\/2026\/04\/28\/chaco-detuvieron-a-un-joven-tras-una-seguidilla-de-robos-en-comercios-de-la-capital\/","title":{"rendered":"CHACO: Detuvieron A Un Joven Tras Una Seguidilla De Robos En Comercios De La Capital"},"content":{"rendered":"\n<p>Efectivos de la Comisar\u00eda Segunda Metropolitana lograron la aprehensi\u00f3n de un hombre que se encontraba vinculado a dos hechos delictivos ocurridos en las \u00faltimas horas bajo la modalidad de robo y tentativa de robo a mano armada.<br>La investigaci\u00f3n se inici\u00f3 tras la denuncia de la propietaria de una librer\u00eda ubicada en la calle Liniers al 200. Seg\u00fan el relato de la v\u00edctima, un sujeto ingres\u00f3 al local ayer por la tarde portando un cuchillo de carnicero y exigi\u00f3 la entrega de su tel\u00e9fono celular. La comerciante logr\u00f3 ahuyentar al delincuente advirti\u00e9ndole sobre la presencia de c\u00e1maras de seguridad, tras lo cual el malviviente huy\u00f3 del lugar en una bicicleta tipo mountain bike color amarilla.<br>Investigaci\u00f3n y captaci\u00f3n f\u00edlmica<br>Personal del Servicio Externo de la unidad, bajo las directivas del Subcomisario Juan Marcelo G\u00f3mez, realiz\u00f3 el relevamiento de las grabaciones de seguridad y entrevistas con vecinos de la zona. El an\u00e1lisis de los videos permiti\u00f3 identificar fehacientemente al autor del hecho.<br>En paralelo, se estableci\u00f3 que el mismo individuo estar\u00eda involucrado en otro il\u00edcito ocurrido m\u00e1s temprano en un supermercado de la avenida Hernandarias al 400. En esa ocasi\u00f3n, el sospechoso s\u00ed logr\u00f3 concretar el robo, sustrayendo una bicicleta mountain bike de color blanco.<br>Detenci\u00f3n y secuestros<br>Con la informaci\u00f3n obtenida, los agentes desplegaron un operativo de b\u00fasqueda que los llev\u00f3 hasta un complejo de alquileres ubicado en la calle Fort\u00edn Rivadavia al 400. All\u00ed, lograron localizar y demorar al presunto autor.<br>En el lugar, se procedi\u00f3 al secuestro de:<br>Una bicicleta mountain bike amarilla (utilizada para movilizarse en los hechos).<br>Una bicicleta mountain bike blanca (denunciada como robada en el supermercado).<br>Prendas de vestir que coincid\u00edan con las observadas en las filmaciones de seguridad.<br>La Fiscal\u00eda en turno dispuso que el joven sea notificado de su aprehensi\u00f3n en ambas causas. En tanto, el rodado recuperado fue restituido a su propietaria original tras las actas de reconocimiento correspondientes.<\/p>\n","protected":false},"excerpt":{"rendered":"<p>28-Abr-26  El sospechoso, de 27 a\u00f1os, intent\u00f3 asaltar una librer\u00eda con un cuchillo de carnicero y, horas antes, habr\u00eda sustra\u00eddo una bicicleta de un supermercado. Fue capturado en un inquilinato con los elementos robados.<\/p>\n","protected":false},"author":3,"featured_media":363113,"comment_status":"closed","ping_status":"closed","sticky":false,"template":"","format":"standard","meta":[],"categories":[103],"tags":[],"_links":{"self":[{"href":"http:\/\/www.noticiasdelparana.com.ar\/NuevaEdicion\/wp-json\/wp\/v2\/posts\/363112"}],"collection":[{"href":"http:\/\/www.noticiasdelparana.com.ar\/NuevaEdicion\/wp-json\/wp\/v2\/posts"}],"about":[{"href":"http:\/\/www.noticiasdelparana.com.ar\/NuevaEdicion\/wp-json\/wp\/v2\/types\/post"}],"author":[{"embeddable":true,"href":"http:\/\/www.noticiasdelparana.com.ar\/NuevaEdicion\/wp-json\/wp\/v2\/users\/3"}],"replies":[{"embeddable":true,"href":"http:\/\/www.noticiasdelparana.com.ar\/NuevaEdicion\/wp-json\/wp\/v2\/comments?post=363112"}],"version-history":[{"count":1,"href":"http:\/\/www.noticiasdelparana.com.ar\/NuevaEdicion\/wp-json\/wp\/v2\/posts\/363112\/revisions"}],"predecessor-version":[{"id":363114,"href":"http:\/\/www.noticiasdelparana.com.ar\/NuevaEdicion\/wp-json\/wp\/v2\/posts\/363112\/revisions\/363114"}],"wp:featuredmedia":[{"embeddable":true,"href":"http:\/\/www.noticiasdelparana.com.ar\/NuevaEdicion\/wp-json\/wp\/v2\/media\/363113"}],"wp:attachment":[{"href":"http:\/\/www.noticiasdelparana.com.ar\/NuevaEdicion\/wp-json\/wp\/v2\/media?parent=363112"}],"wp:term":[{"taxonomy":"category","embeddable":true,"href":"http:\/\/www.noticiasdelparana.com.ar\/NuevaEdicion\/wp-json\/wp\/v2\/categories?post=363112"},{"taxonomy":"post_tag","embeddable":true,"href":"http:\/\/www.noticiasdelparana.com.ar\/NuevaEdicion\/wp-json\/wp\/v2\/tags?post=363112"}],"curies":[{"name":"wp","href":"https:\/\/api.w.org\/{rel}","templated":true}]}}