{"id":363118,"date":"2026-04-28T13:40:40","date_gmt":"2026-04-28T16:40:40","guid":{"rendered":"http:\/\/www.noticiasdelparana.com.ar\/NuevaEdicion\/?p=363118"},"modified":"2026-04-28T13:40:42","modified_gmt":"2026-04-28T16:40:42","slug":"chaco-provincia-y-la-municipalidad-de-resistencia-iniciaron-la-obra-de-la-avenida-soberania-nacional","status":"publish","type":"post","link":"http:\/\/www.noticiasdelparana.com.ar\/NuevaEdicion\/2026\/04\/28\/chaco-provincia-y-la-municipalidad-de-resistencia-iniciaron-la-obra-de-la-avenida-soberania-nacional\/","title":{"rendered":"CHACO: Provincia Y La Municipalidad De Resistencia Iniciaron La Obra De La Avenida Soberan\u00eda Nacional"},"content":{"rendered":"\n<p>El gobernador destac\u00f3 la importancia estrat\u00e9gica del proyecto: \u201cSe trata de una obra fundamental para mejorar la movilidad y la conectividad de la zona sur del \u00e1rea metropolitana. Durante a\u00f1os fue una intervenci\u00f3n prometida y hoy junto al municipio la estamos haciendo realidad con un fuerte esfuerzo conjunto\u201d.<\/p>\n\n\n\n<figure class=\"wp-block-image size-large\"><img loading=\"lazy\" width=\"640\" height=\"480\" src=\"https:\/\/www.noticiasdelparana.com.ar\/NuevaEdicion\/wp-content\/uploads\/2026\/04\/zder-1.jpg\" alt=\"\" class=\"wp-image-363120\" srcset=\"http:\/\/www.noticiasdelparana.com.ar\/NuevaEdicion\/wp-content\/uploads\/2026\/04\/zder-1.jpg 640w, http:\/\/www.noticiasdelparana.com.ar\/NuevaEdicion\/wp-content\/uploads\/2026\/04\/zder-1-300x225.jpg 300w\" sizes=\"(max-width: 640px) 100vw, 640px\" \/><\/figure>\n\n\n\n<p><br>El mandatario remarc\u00f3 que la avenida presentaba un avanzado deterioro, con grietas, baches y deformaciones que generaban complicaciones en la circulaci\u00f3n y frecuentes siniestros viales. \u201cEsta es una arteria clave de comunicaci\u00f3n que, con el paso del tiempo, fue perdiendo condiciones. Hoy iniciamos su recuperaci\u00f3n integral, con trabajos que incluyen bacheo profundo, nueva carpeta asf\u00e1ltica, iluminaci\u00f3n, se\u00f1alizaci\u00f3n y reacondicionamiento del cantero central\u201d, explic\u00f3.<br>\u201cHoy existe desorden en la circulaci\u00f3n, con cruces permanentes entre manos. Esta intervenci\u00f3n permitir\u00e1 mayor seguridad vial y mejor fluidez\u201d, se\u00f1al\u00f3 el gobernador. Asimismo, subray\u00f3 que en una primera etapa se avanzar\u00e1 con el bacheo integral en todo el corredor para garantizar condiciones seguras de transitabilidad mientras se ejecuta la obra definitiva.<br>Desde el Ejecutivo provincial destacaron que se trata de una inversi\u00f3n hist\u00f3rica, financiada de manera conjunta entre Vialidad Provincial y la Municipalidad de Resistencia. \u201cEs un esfuerzo compartido que busca recuperar una avenida clave para la ciudad y toda el \u00e1rea metropolitana\u201d, agregaron.<\/p>\n\n\n\n<p>SERGIO ALMIR\u00d3N DE LA MUNICIPALIDAD DE RESISTENCIA \u201cES UN TRABAJO ARTICULADO ENTRE PROVINCIA Y MUNICIPIO\u201d<br>En tanto, el secretario de Coordinaci\u00f3n Ejecutiva del municipio, Sergio Almir\u00f3n, remarc\u00f3 el trabajo articulado entre Provincia y Municipio, y asegur\u00f3 que la obra \u201cpermitir\u00e1 ordenar el tr\u00e1nsito, optimizar la conectividad y brindar mayor seguridad a quienes circulan diariamente por esta avenida clave\u201d.<br>La intervenci\u00f3n beneficiar\u00e1 de manera directa a miles de vecinos y a todo el sistema de transporte p\u00fablico que utiliza este corredor como uno de los principales accesos a la ciudad, consolid\u00e1ndose como una obra estrat\u00e9gica para el desarrollo urbano del Gran Resistencia.<br>La obra est\u00e1 dividida en cuatro tramos: desde la Ruta Nacional 11 hasta calle Giachino; de Giachino a avenida Alberdi; de Alberdi a Lisandro de la Torre; y desde all\u00ed hasta avenida Urquiza. En cada segmento trabajan distintas empresas para acelerar los plazos de ejecuci\u00f3n. *Uno de los aspectos centrales del proyecto es la reconfiguraci\u00f3n de la traza, que pasar\u00e1 de doble mano a un esquema de circulaci\u00f3n de sentido \u00fanico en cada calzada, con el objetivo de ordenar el tr\u00e1nsito y reducir los riesgos de accidentes.<br>Por su parte, el administrador de Vialidad Provincial, Omar Canela, acompa\u00f1ado del subadministrador Gustavo De Martini, valor\u00f3 el impacto de la obra en la infraestructura urbana y la calidad de vida de los vecinos, mientras que la secretaria coordinadora de gabinete, Carolina Meiri\u00f1o, destac\u00f3 que \u201cse trata de una intervenci\u00f3n hist\u00f3rica que transformar\u00e1 una arteria fundamental, beneficiando a miles de familias y mejorando el acceso a la ciudad\u201d.<\/p>\n","protected":false},"excerpt":{"rendered":"<p>28-Abr-26 Por decisi\u00f3n del Gobernador Leandro Zdero y del intendente de Resistencia, Roy Nikisch, se puso en marcha la reconstrucci\u00f3n completa de la avenida Soberan\u00eda Nacional, una intervenci\u00f3n integral sobre 118 cuadras y una inversi\u00f3n superior a los 9.250 millones de pesos.<\/p>\n","protected":false},"author":3,"featured_media":363119,"comment_status":"closed","ping_status":"closed","sticky":false,"template":"","format":"standard","meta":[],"categories":[98],"tags":[],"_links":{"self":[{"href":"http:\/\/www.noticiasdelparana.com.ar\/NuevaEdicion\/wp-json\/wp\/v2\/posts\/363118"}],"collection":[{"href":"http:\/\/www.noticiasdelparana.com.ar\/NuevaEdicion\/wp-json\/wp\/v2\/posts"}],"about":[{"href":"http:\/\/www.noticiasdelparana.com.ar\/NuevaEdicion\/wp-json\/wp\/v2\/types\/post"}],"author":[{"embeddable":true,"href":"http:\/\/www.noticiasdelparana.com.ar\/NuevaEdicion\/wp-json\/wp\/v2\/users\/3"}],"replies":[{"embeddable":true,"href":"http:\/\/www.noticiasdelparana.com.ar\/NuevaEdicion\/wp-json\/wp\/v2\/comments?post=363118"}],"version-history":[{"count":1,"href":"http:\/\/www.noticiasdelparana.com.ar\/NuevaEdicion\/wp-json\/wp\/v2\/posts\/363118\/revisions"}],"predecessor-version":[{"id":363121,"href":"http:\/\/www.noticiasdelparana.com.ar\/NuevaEdicion\/wp-json\/wp\/v2\/posts\/363118\/revisions\/363121"}],"wp:featuredmedia":[{"embeddable":true,"href":"http:\/\/www.noticiasdelparana.com.ar\/NuevaEdicion\/wp-json\/wp\/v2\/media\/363119"}],"wp:attachment":[{"href":"http:\/\/www.noticiasdelparana.com.ar\/NuevaEdicion\/wp-json\/wp\/v2\/media?parent=363118"}],"wp:term":[{"taxonomy":"category","embeddable":true,"href":"http:\/\/www.noticiasdelparana.com.ar\/NuevaEdicion\/wp-json\/wp\/v2\/categories?post=363118"},{"taxonomy":"post_tag","embeddable":true,"href":"http:\/\/www.noticiasdelparana.com.ar\/NuevaEdicion\/wp-json\/wp\/v2\/tags?post=363118"}],"curies":[{"name":"wp","href":"https:\/\/api.w.org\/{rel}","templated":true}]}}