{"id":363129,"date":"2026-04-28T17:45:58","date_gmt":"2026-04-28T20:45:58","guid":{"rendered":"http:\/\/www.noticiasdelparana.com.ar\/NuevaEdicion\/?p=363129"},"modified":"2026-04-28T17:45:58","modified_gmt":"2026-04-28T20:45:58","slug":"chaco-caso-gusak-realizaron-varios-rastrillajes-en-resistencia","status":"publish","type":"post","link":"http:\/\/www.noticiasdelparana.com.ar\/NuevaEdicion\/2026\/04\/28\/chaco-caso-gusak-realizaron-varios-rastrillajes-en-resistencia\/","title":{"rendered":"CHACO: Caso Gusak: Realizaron Varios Rastrillajes En Resistencia"},"content":{"rendered":"\n<p>En la ma\u00f1ana de este martes, personal de la Comisar\u00eda Quinta Metropolitana llev\u00f3 adelante un rastrillaje en un campo ubicado en la ciudad de Resistencia.<\/p>\n\n\n\n<p>El procedimiento se desarroll\u00f3 en el marco de la causa caratulada \u201cSup. Muerte Dudosa\u201d, que investiga la desaparici\u00f3n de Nelson David Gusak, de 26 a\u00f1os, ocurrida el 20 de septiembre de 2025.<\/p>\n\n\n\n<p>El operativo se realiz\u00f3 conforme a un decreto emitido por el Juzgado de Garant\u00edas N\u00b0 3, con intervenci\u00f3n de la Fiscal\u00eda N\u00b0 3, a cargo del Dr. Enrique Luciano Santos y la participaci\u00f3n del ayudante fiscal Cristian Barreto.<\/p>\n\n\n\n<p>El despliegue fue supervisado por el comisario inspector H\u00e9ctor Nicol\u00e1s Escobar, supervisor de la Zona III Metropolitana, y encabezado por el comisario principal Norberto Daniel Mar\u00edn, jefe de la Comisar\u00eda Quinta Metropolitana.<\/p>\n\n\n\n<p>En el rastrillaje colaboraron diversas unidades policiales, entre ellas la Direcci\u00f3n General de Bomberos, la Direcci\u00f3n General de Inteligencia Criminal, la Divisi\u00f3n B\u00fasqueda de Personas Desaparecidas y Extraviadas, el Departamento de Seguridad Rural Metropolitana, as\u00ed como personal de las comisar\u00edas Tercera y S\u00e9ptima Metropolitana.<\/p>\n\n\n\n<p>Hasta el momento no se informaron resultados concluyentes del operativo, aunque las tareas contin\u00faan en el marco de la investigaci\u00f3n judicial en curso.<\/p>\n","protected":false},"excerpt":{"rendered":"<p>28-Abr-26  Participaron varias unidades policiales.<\/p>\n","protected":false},"author":3,"featured_media":363130,"comment_status":"closed","ping_status":"","sticky":false,"template":"","format":"standard","meta":[],"categories":[103],"tags":[],"_links":{"self":[{"href":"http:\/\/www.noticiasdelparana.com.ar\/NuevaEdicion\/wp-json\/wp\/v2\/posts\/363129"}],"collection":[{"href":"http:\/\/www.noticiasdelparana.com.ar\/NuevaEdicion\/wp-json\/wp\/v2\/posts"}],"about":[{"href":"http:\/\/www.noticiasdelparana.com.ar\/NuevaEdicion\/wp-json\/wp\/v2\/types\/post"}],"author":[{"embeddable":true,"href":"http:\/\/www.noticiasdelparana.com.ar\/NuevaEdicion\/wp-json\/wp\/v2\/users\/3"}],"replies":[{"embeddable":true,"href":"http:\/\/www.noticiasdelparana.com.ar\/NuevaEdicion\/wp-json\/wp\/v2\/comments?post=363129"}],"version-history":[{"count":1,"href":"http:\/\/www.noticiasdelparana.com.ar\/NuevaEdicion\/wp-json\/wp\/v2\/posts\/363129\/revisions"}],"predecessor-version":[{"id":363131,"href":"http:\/\/www.noticiasdelparana.com.ar\/NuevaEdicion\/wp-json\/wp\/v2\/posts\/363129\/revisions\/363131"}],"wp:featuredmedia":[{"embeddable":true,"href":"http:\/\/www.noticiasdelparana.com.ar\/NuevaEdicion\/wp-json\/wp\/v2\/media\/363130"}],"wp:attachment":[{"href":"http:\/\/www.noticiasdelparana.com.ar\/NuevaEdicion\/wp-json\/wp\/v2\/media?parent=363129"}],"wp:term":[{"taxonomy":"category","embeddable":true,"href":"http:\/\/www.noticiasdelparana.com.ar\/NuevaEdicion\/wp-json\/wp\/v2\/categories?post=363129"},{"taxonomy":"post_tag","embeddable":true,"href":"http:\/\/www.noticiasdelparana.com.ar\/NuevaEdicion\/wp-json\/wp\/v2\/tags?post=363129"}],"curies":[{"name":"wp","href":"https:\/\/api.w.org\/{rel}","templated":true}]}}