{"id":363132,"date":"2026-04-28T17:48:47","date_gmt":"2026-04-28T20:48:47","guid":{"rendered":"http:\/\/www.noticiasdelparana.com.ar\/NuevaEdicion\/?p=363132"},"modified":"2026-04-28T17:48:52","modified_gmt":"2026-04-28T20:48:52","slug":"resistencia-detienen-a-un-hombre-por-el-robo-de-una-moto","status":"publish","type":"post","link":"http:\/\/www.noticiasdelparana.com.ar\/NuevaEdicion\/2026\/04\/28\/resistencia-detienen-a-un-hombre-por-el-robo-de-una-moto\/","title":{"rendered":"RESISTENCIA: Detienen A Un Hombre Por El Robo De Una Moto"},"content":{"rendered":"\n<p>En un operativo realizado por la Divisi\u00f3n de Sustracci\u00f3n Vehicular, efectivos policiales lograron la aprehensi\u00f3n de un hombre de 33 a\u00f1os, acusado de participar en el robo de un motoveh\u00edculo bajo la modalidad de robo a mano armada.<\/p>\n\n\n\n<p>El hecho<br>El denunciante, de 68 a\u00f1os, inform\u00f3 que el pasado 26 de abril a las 23:30, su hijo de 38 a\u00f1os fue interceptado en el barrio Mariano Moreno por tres individuos. Los agresores lo lesionaron con un arma blanca, provoc\u00e1ndole heridas en el muslo izquierdo, y posteriormente le sustrajeron su motocicleta Gilera Smash 110cc, color bordo y negro.<br>Tras la denuncia, se identific\u00f3 a los presuntos autores, el personal policial mont\u00f3 un operativo de vigilancia en avenida Rodr\u00edguez Pe\u00f1a N\u00b0 2622, donde lograron detener a uno de los presuntos autores en la v\u00eda p\u00fablica.<br>El detenido fue notificado de su aprehensi\u00f3n y puesto a disposici\u00f3n de la Fiscal\u00eda en turno. Se contin\u00faa con las diligencias para dar con el paradero del otro acusado.<\/p>\n","protected":false},"excerpt":{"rendered":"<p>28-Abr-26  Habr\u00edan utilizado un arma blanca para quitarle el rodado a su due\u00f1o.<\/p>\n","protected":false},"author":3,"featured_media":363134,"comment_status":"closed","ping_status":"closed","sticky":false,"template":"","format":"standard","meta":[],"categories":[103],"tags":[],"_links":{"self":[{"href":"http:\/\/www.noticiasdelparana.com.ar\/NuevaEdicion\/wp-json\/wp\/v2\/posts\/363132"}],"collection":[{"href":"http:\/\/www.noticiasdelparana.com.ar\/NuevaEdicion\/wp-json\/wp\/v2\/posts"}],"about":[{"href":"http:\/\/www.noticiasdelparana.com.ar\/NuevaEdicion\/wp-json\/wp\/v2\/types\/post"}],"author":[{"embeddable":true,"href":"http:\/\/www.noticiasdelparana.com.ar\/NuevaEdicion\/wp-json\/wp\/v2\/users\/3"}],"replies":[{"embeddable":true,"href":"http:\/\/www.noticiasdelparana.com.ar\/NuevaEdicion\/wp-json\/wp\/v2\/comments?post=363132"}],"version-history":[{"count":1,"href":"http:\/\/www.noticiasdelparana.com.ar\/NuevaEdicion\/wp-json\/wp\/v2\/posts\/363132\/revisions"}],"predecessor-version":[{"id":363135,"href":"http:\/\/www.noticiasdelparana.com.ar\/NuevaEdicion\/wp-json\/wp\/v2\/posts\/363132\/revisions\/363135"}],"wp:featuredmedia":[{"embeddable":true,"href":"http:\/\/www.noticiasdelparana.com.ar\/NuevaEdicion\/wp-json\/wp\/v2\/media\/363134"}],"wp:attachment":[{"href":"http:\/\/www.noticiasdelparana.com.ar\/NuevaEdicion\/wp-json\/wp\/v2\/media?parent=363132"}],"wp:term":[{"taxonomy":"category","embeddable":true,"href":"http:\/\/www.noticiasdelparana.com.ar\/NuevaEdicion\/wp-json\/wp\/v2\/categories?post=363132"},{"taxonomy":"post_tag","embeddable":true,"href":"http:\/\/www.noticiasdelparana.com.ar\/NuevaEdicion\/wp-json\/wp\/v2\/tags?post=363132"}],"curies":[{"name":"wp","href":"https:\/\/api.w.org\/{rel}","templated":true}]}}