{"id":363133,"date":"2026-04-28T17:49:58","date_gmt":"2026-04-28T20:49:58","guid":{"rendered":"http:\/\/www.noticiasdelparana.com.ar\/NuevaEdicion\/?p=363133"},"modified":"2026-04-28T17:50:00","modified_gmt":"2026-04-28T20:50:00","slug":"chaco-con-el-respaldo-de-unicef-desarrollo-humano-fortalece-el-cuidado-de-la-primera-infancia-en-toda-la-provincia","status":"publish","type":"post","link":"http:\/\/www.noticiasdelparana.com.ar\/NuevaEdicion\/2026\/04\/28\/chaco-con-el-respaldo-de-unicef-desarrollo-humano-fortalece-el-cuidado-de-la-primera-infancia-en-toda-la-provincia\/","title":{"rendered":"CHACO: Con El Respaldo De Unicef, Desarrollo Humano Fortalece El Cuidado De La Primera Infancia En Toda La Provincia"},"content":{"rendered":"\n<p>La propuesta, que tendr\u00e1 una duraci\u00f3n de siete meses, est\u00e1 orientada a equipos t\u00e9cnicos y personal de distintos dispositivos territoriales, con el objetivo de mejorar la calidad de atenci\u00f3n y promover la corresponsabilidad entre el Estado, las familias y las comunidades en la protecci\u00f3n de los derechos de ni\u00f1os y ni\u00f1as.<\/p>\n\n\n\n<p>La apertura de esta instancia formativa estuvo encabezada por el ministro de Desarrollo Humano, Diego Guti\u00e9rrez; la subsecretaria de Ni\u00f1ez, Adolescencia, Familia y Adultos Mayores, Gabriela Madzrevich; y la consultora de Salud y Primera Infancia de UNICEF, Claudia Castro, quien adem\u00e1s es responsable de las capacitaciones. \u201cQueremos garantizar lo m\u00ednimo, que son las condiciones de salud e higiene, para luego ir hacia lo m\u00e1ximo: que los ni\u00f1os puedan interactuar con el arte, el deporte y la cultura para desarrollarse en plenitud\u201d, expres\u00f3 Guti\u00e9rrez, al tiempo que remarc\u00f3 que \u201cel fortalecimiento del capital humano es clave para transformar las instituciones de cuidado\u201d.<\/p>\n\n\n\n<p>En esta primera etapa participan representantes de seis localidades: Pampa del Infierno, Basail, Presidencia Roque S\u00e1enz Pe\u00f1a, Laguna Blanca, Fontana y Barranqueras. Los participantes se formar\u00e1n como formadores, con la misi\u00f3n de replicar los contenidos en sus territorios, especialmente en los Centros de Desarrollo Infantil (CDI) y Centros Integrales de Fortalecimiento Familiar (CIFF).<\/p>\n\n\n\n<p>El trayecto formativo est\u00e1 estructurado en cuatro ejes principales: Desarrollo Infantil, Habilidades Pedag\u00f3gicas, Derechos, y Salud y Nutrici\u00f3n. A trav\u00e9s de estos contenidos, se busca profesionalizar las pr\u00e1cticas de cuidado y consolidar equipos con herramientas actualizadas para el abordaje integral de la primera infancia.<\/p>\n\n\n\n<p>Durante este primer encuentro, se combinaron instancias te\u00f3ricas con din\u00e1micas grupales y trabajo en comisiones t\u00e9cnicas, donde se analizaron los m\u00f3dulos de ense\u00f1anza y se definieron los cronogramas de implementaci\u00f3n en cada territorio.<\/p>\n\n\n\n<p>La iniciativa se enmarca en una agenda conjunta entre el Gobierno provincial y UNICEF, que continuar\u00e1 ampli\u00e1ndose con la incorporaci\u00f3n de nuevas localidades y actores, fortaleciendo as\u00ed una red de cuidado integral para las primeras infancias en todo el Chaco.<\/p>\n","protected":false},"excerpt":{"rendered":"<p>28-Abr-26 El Gobierno del Chaco, a trav\u00e9s del Ministerio de Desarrollo Humano y con el acompa\u00f1amiento de UNICEF, puso en marcha un ciclo de formaci\u00f3n destinado a fortalecer las capacidades institucionales y el trabajo de quienes se desempe\u00f1an en el cuidado de la primera infancia.<\/p>\n","protected":false},"author":4,"featured_media":363136,"comment_status":"closed","ping_status":"closed","sticky":false,"template":"","format":"standard","meta":[],"categories":[98],"tags":[],"_links":{"self":[{"href":"http:\/\/www.noticiasdelparana.com.ar\/NuevaEdicion\/wp-json\/wp\/v2\/posts\/363133"}],"collection":[{"href":"http:\/\/www.noticiasdelparana.com.ar\/NuevaEdicion\/wp-json\/wp\/v2\/posts"}],"about":[{"href":"http:\/\/www.noticiasdelparana.com.ar\/NuevaEdicion\/wp-json\/wp\/v2\/types\/post"}],"author":[{"embeddable":true,"href":"http:\/\/www.noticiasdelparana.com.ar\/NuevaEdicion\/wp-json\/wp\/v2\/users\/4"}],"replies":[{"embeddable":true,"href":"http:\/\/www.noticiasdelparana.com.ar\/NuevaEdicion\/wp-json\/wp\/v2\/comments?post=363133"}],"version-history":[{"count":1,"href":"http:\/\/www.noticiasdelparana.com.ar\/NuevaEdicion\/wp-json\/wp\/v2\/posts\/363133\/revisions"}],"predecessor-version":[{"id":363138,"href":"http:\/\/www.noticiasdelparana.com.ar\/NuevaEdicion\/wp-json\/wp\/v2\/posts\/363133\/revisions\/363138"}],"wp:featuredmedia":[{"embeddable":true,"href":"http:\/\/www.noticiasdelparana.com.ar\/NuevaEdicion\/wp-json\/wp\/v2\/media\/363136"}],"wp:attachment":[{"href":"http:\/\/www.noticiasdelparana.com.ar\/NuevaEdicion\/wp-json\/wp\/v2\/media?parent=363133"}],"wp:term":[{"taxonomy":"category","embeddable":true,"href":"http:\/\/www.noticiasdelparana.com.ar\/NuevaEdicion\/wp-json\/wp\/v2\/categories?post=363133"},{"taxonomy":"post_tag","embeddable":true,"href":"http:\/\/www.noticiasdelparana.com.ar\/NuevaEdicion\/wp-json\/wp\/v2\/tags?post=363133"}],"curies":[{"name":"wp","href":"https:\/\/api.w.org\/{rel}","templated":true}]}}