{"id":363137,"date":"2026-04-28T17:51:25","date_gmt":"2026-04-28T20:51:25","guid":{"rendered":"http:\/\/www.noticiasdelparana.com.ar\/NuevaEdicion\/?p=363137"},"modified":"2026-04-28T17:51:30","modified_gmt":"2026-04-28T20:51:30","slug":"saenz-pena-detienen-a-un-hombre-con-pedido-de-captura-por-infraccion-a-la-ley-de-estupefaciente","status":"publish","type":"post","link":"http:\/\/www.noticiasdelparana.com.ar\/NuevaEdicion\/2026\/04\/28\/saenz-pena-detienen-a-un-hombre-con-pedido-de-captura-por-infraccion-a-la-ley-de-estupefaciente\/","title":{"rendered":"S\u00c1ENZ PE\u00d1A: Detienen A Un Hombre Con Pedido De Captura Por Infracci\u00f3n A La Ley De Estupefaciente"},"content":{"rendered":"\n<p>Este martes a 11:50, personal de la Divisi\u00f3n Operaciones Drogas Interior S\u00e1enz Pe\u00f1a demor\u00f3 a un hombre de 31 a\u00f1os, quien presentaba una solicitud de aprehensi\u00f3n vigente por supuesta infracci\u00f3n a la Ley 23.737.<\/p>\n\n\n\n<p>Los agentes realizaban sus recorridas y en calle 25 de Mayo N\u00b0 338 identificaron al hombre, al ingresar sus datos en el Sistema de Gesti\u00f3n Biom\u00e9trica detectaron la solicitud de aprehensi\u00f3n por infracci\u00f3n a la ley de estupefacientes, por parte de la Fiscal\u00eda Antidrogas de S\u00e1enz Pe\u00f1a a cargo de la Dra. Laura Soledad Borelli.<\/p>\n\n\n\n<p>El detenido fue trasladado a la unidad policial donde qued\u00f3 a disposici\u00f3n de la Justicia.<\/p>\n","protected":false},"excerpt":{"rendered":"<p>28-Abr-26  Qued\u00f3 alojado en la dependencia policial, a disposici\u00f3n de la Justicia.<\/p>\n","protected":false},"author":3,"featured_media":363139,"comment_status":"closed","ping_status":"closed","sticky":false,"template":"","format":"standard","meta":[],"categories":[103],"tags":[],"_links":{"self":[{"href":"http:\/\/www.noticiasdelparana.com.ar\/NuevaEdicion\/wp-json\/wp\/v2\/posts\/363137"}],"collection":[{"href":"http:\/\/www.noticiasdelparana.com.ar\/NuevaEdicion\/wp-json\/wp\/v2\/posts"}],"about":[{"href":"http:\/\/www.noticiasdelparana.com.ar\/NuevaEdicion\/wp-json\/wp\/v2\/types\/post"}],"author":[{"embeddable":true,"href":"http:\/\/www.noticiasdelparana.com.ar\/NuevaEdicion\/wp-json\/wp\/v2\/users\/3"}],"replies":[{"embeddable":true,"href":"http:\/\/www.noticiasdelparana.com.ar\/NuevaEdicion\/wp-json\/wp\/v2\/comments?post=363137"}],"version-history":[{"count":1,"href":"http:\/\/www.noticiasdelparana.com.ar\/NuevaEdicion\/wp-json\/wp\/v2\/posts\/363137\/revisions"}],"predecessor-version":[{"id":363140,"href":"http:\/\/www.noticiasdelparana.com.ar\/NuevaEdicion\/wp-json\/wp\/v2\/posts\/363137\/revisions\/363140"}],"wp:featuredmedia":[{"embeddable":true,"href":"http:\/\/www.noticiasdelparana.com.ar\/NuevaEdicion\/wp-json\/wp\/v2\/media\/363139"}],"wp:attachment":[{"href":"http:\/\/www.noticiasdelparana.com.ar\/NuevaEdicion\/wp-json\/wp\/v2\/media?parent=363137"}],"wp:term":[{"taxonomy":"category","embeddable":true,"href":"http:\/\/www.noticiasdelparana.com.ar\/NuevaEdicion\/wp-json\/wp\/v2\/categories?post=363137"},{"taxonomy":"post_tag","embeddable":true,"href":"http:\/\/www.noticiasdelparana.com.ar\/NuevaEdicion\/wp-json\/wp\/v2\/tags?post=363137"}],"curies":[{"name":"wp","href":"https:\/\/api.w.org\/{rel}","templated":true}]}}