{"id":363141,"date":"2026-04-28T17:53:18","date_gmt":"2026-04-28T20:53:18","guid":{"rendered":"http:\/\/www.noticiasdelparana.com.ar\/NuevaEdicion\/?p=363141"},"modified":"2026-04-28T17:53:26","modified_gmt":"2026-04-28T20:53:26","slug":"resistencia-encontraron-al-hombre-desaparecido-en-la-terminal","status":"publish","type":"post","link":"http:\/\/www.noticiasdelparana.com.ar\/NuevaEdicion\/2026\/04\/28\/resistencia-encontraron-al-hombre-desaparecido-en-la-terminal\/","title":{"rendered":"RESISTENCIA: Encontraron Al Hombre Desaparecido En La Terminal"},"content":{"rendered":"\n<p>Este martes a eso de las 16:40 la Guardia de Prevenci\u00f3n de la Comisar\u00eda Cuarta Metropolitana inform\u00f3 que se desactiv\u00f3 el protocolo de b\u00fasqueda de persona iniciado por la supuesta desaparici\u00f3n de un hombre de 35 a\u00f1os.<\/p>\n\n\n\n<p>El procedimiento se origin\u00f3 a ra\u00edz de la denuncia realizada por su padre quien hab\u00eda reportado la ausencia de su hijo. Sin embargo, en la tarde de hoy, el propio buscado se present\u00f3 espont\u00e1neamente en la dependencia policial, manifestando encontrarse en buen estado de salud y aclarando que se hab\u00eda ausentado de su domicilio por asistir a una fiesta junto a su pareja.<\/p>\n\n\n\n<p>La Fiscal\u00eda de Investigaci\u00f3n Penal en turno dispuso la inmediata desactivaci\u00f3n del protocolo de b\u00fasqueda.<\/p>\n","protected":false},"excerpt":{"rendered":"<p>28-Abr-26 Se desactivo el protocolo de b\u00fasqueda tras aparici\u00f3n.<\/p>\n","protected":false},"author":3,"featured_media":363142,"comment_status":"closed","ping_status":"closed","sticky":false,"template":"","format":"standard","meta":[],"categories":[103],"tags":[],"_links":{"self":[{"href":"http:\/\/www.noticiasdelparana.com.ar\/NuevaEdicion\/wp-json\/wp\/v2\/posts\/363141"}],"collection":[{"href":"http:\/\/www.noticiasdelparana.com.ar\/NuevaEdicion\/wp-json\/wp\/v2\/posts"}],"about":[{"href":"http:\/\/www.noticiasdelparana.com.ar\/NuevaEdicion\/wp-json\/wp\/v2\/types\/post"}],"author":[{"embeddable":true,"href":"http:\/\/www.noticiasdelparana.com.ar\/NuevaEdicion\/wp-json\/wp\/v2\/users\/3"}],"replies":[{"embeddable":true,"href":"http:\/\/www.noticiasdelparana.com.ar\/NuevaEdicion\/wp-json\/wp\/v2\/comments?post=363141"}],"version-history":[{"count":1,"href":"http:\/\/www.noticiasdelparana.com.ar\/NuevaEdicion\/wp-json\/wp\/v2\/posts\/363141\/revisions"}],"predecessor-version":[{"id":363143,"href":"http:\/\/www.noticiasdelparana.com.ar\/NuevaEdicion\/wp-json\/wp\/v2\/posts\/363141\/revisions\/363143"}],"wp:featuredmedia":[{"embeddable":true,"href":"http:\/\/www.noticiasdelparana.com.ar\/NuevaEdicion\/wp-json\/wp\/v2\/media\/363142"}],"wp:attachment":[{"href":"http:\/\/www.noticiasdelparana.com.ar\/NuevaEdicion\/wp-json\/wp\/v2\/media?parent=363141"}],"wp:term":[{"taxonomy":"category","embeddable":true,"href":"http:\/\/www.noticiasdelparana.com.ar\/NuevaEdicion\/wp-json\/wp\/v2\/categories?post=363141"},{"taxonomy":"post_tag","embeddable":true,"href":"http:\/\/www.noticiasdelparana.com.ar\/NuevaEdicion\/wp-json\/wp\/v2\/tags?post=363141"}],"curies":[{"name":"wp","href":"https:\/\/api.w.org\/{rel}","templated":true}]}}