{"id":363144,"date":"2026-04-28T17:55:16","date_gmt":"2026-04-28T20:55:16","guid":{"rendered":"http:\/\/www.noticiasdelparana.com.ar\/NuevaEdicion\/?p=363144"},"modified":"2026-04-28T17:55:20","modified_gmt":"2026-04-28T20:55:20","slug":"chaco-demoran-a-un-hombre-que-intentaba-llevarse-elementos-de-una-casa","status":"publish","type":"post","link":"http:\/\/www.noticiasdelparana.com.ar\/NuevaEdicion\/2026\/04\/28\/chaco-demoran-a-un-hombre-que-intentaba-llevarse-elementos-de-una-casa\/","title":{"rendered":"CHACO:  Demoran A Un Hombre Que Intentaba Llevarse Elementos De Una Casa"},"content":{"rendered":"\n<p>Alrededor de las 14:40, de este martes en el marco del Programa de Prevenci\u00f3n Metropolitana, personal de la Divisi\u00f3n Patrulla Preventiva procedi\u00f3 a la demora de hombre de 25 a\u00f1os, quien fue sorprendido tras sustraer diversos elementos de un domicilio ubicado en la intersecci\u00f3n de Avenida Antonio Martina y Calle \u00c1valos.<br>Entre los objetos secuestrados figuran una cocina de color negro sin marca visible, una olla, un bol de pl\u00e1stico blanco, una sart\u00e9n, una fuente de pizza y un carrito r\u00fastico con dos ruedas.<br>El detenido fue trasladado hasta la Comisar\u00eda Duodecima Metropolitana donde qued\u00f3 a disposici\u00f3n de la justicia.<\/p>\n","protected":false},"excerpt":{"rendered":"<p>28-Abr-26  Ocultaba las cosas en un carrito.<\/p>\n","protected":false},"author":3,"featured_media":363145,"comment_status":"closed","ping_status":"closed","sticky":false,"template":"","format":"standard","meta":[],"categories":[103],"tags":[],"_links":{"self":[{"href":"http:\/\/www.noticiasdelparana.com.ar\/NuevaEdicion\/wp-json\/wp\/v2\/posts\/363144"}],"collection":[{"href":"http:\/\/www.noticiasdelparana.com.ar\/NuevaEdicion\/wp-json\/wp\/v2\/posts"}],"about":[{"href":"http:\/\/www.noticiasdelparana.com.ar\/NuevaEdicion\/wp-json\/wp\/v2\/types\/post"}],"author":[{"embeddable":true,"href":"http:\/\/www.noticiasdelparana.com.ar\/NuevaEdicion\/wp-json\/wp\/v2\/users\/3"}],"replies":[{"embeddable":true,"href":"http:\/\/www.noticiasdelparana.com.ar\/NuevaEdicion\/wp-json\/wp\/v2\/comments?post=363144"}],"version-history":[{"count":1,"href":"http:\/\/www.noticiasdelparana.com.ar\/NuevaEdicion\/wp-json\/wp\/v2\/posts\/363144\/revisions"}],"predecessor-version":[{"id":363146,"href":"http:\/\/www.noticiasdelparana.com.ar\/NuevaEdicion\/wp-json\/wp\/v2\/posts\/363144\/revisions\/363146"}],"wp:featuredmedia":[{"embeddable":true,"href":"http:\/\/www.noticiasdelparana.com.ar\/NuevaEdicion\/wp-json\/wp\/v2\/media\/363145"}],"wp:attachment":[{"href":"http:\/\/www.noticiasdelparana.com.ar\/NuevaEdicion\/wp-json\/wp\/v2\/media?parent=363144"}],"wp:term":[{"taxonomy":"category","embeddable":true,"href":"http:\/\/www.noticiasdelparana.com.ar\/NuevaEdicion\/wp-json\/wp\/v2\/categories?post=363144"},{"taxonomy":"post_tag","embeddable":true,"href":"http:\/\/www.noticiasdelparana.com.ar\/NuevaEdicion\/wp-json\/wp\/v2\/tags?post=363144"}],"curies":[{"name":"wp","href":"https:\/\/api.w.org\/{rel}","templated":true}]}}