{"id":363147,"date":"2026-04-28T18:00:27","date_gmt":"2026-04-28T21:00:27","guid":{"rendered":"http:\/\/www.noticiasdelparana.com.ar\/NuevaEdicion\/?p=363147"},"modified":"2026-04-28T18:00:31","modified_gmt":"2026-04-28T21:00:31","slug":"chaco-la-provincia-celebra-su-identidad-en-la-feria-internacional-del-libro-de-buenos-aires","status":"publish","type":"post","link":"http:\/\/www.noticiasdelparana.com.ar\/NuevaEdicion\/2026\/04\/28\/chaco-la-provincia-celebra-su-identidad-en-la-feria-internacional-del-libro-de-buenos-aires\/","title":{"rendered":"CHACO: La Provincia Celebra Su Identidad En La Feria Internacional Del Libro De Buenos Aires"},"content":{"rendered":"\n<p>El Instituto de Cultura del Chaco impulsa todas las actividades adem\u00e1s de la presencia permanente de un stand institucional para proyectar la producci\u00f3n literaria chaque\u00f1a.<\/p>\n\n\n\n<p>El D\u00eda del Chaco ser\u00e1 un espacio de encuentro y experiencia compartida, donde la palabra y las expresiones art\u00edsticas dialogan para dar cuenta de una identidad viva y diversa. \u201cLa cultura es una pol\u00edtica p\u00fablica central orientada a garantizar el acceso y la representaci\u00f3n de artistas de toda la provincia. Estar en la Feria del Libro es una oportunidad estrat\u00e9gica para fortalecer nuestra identidad y visibilizar la riqueza de nuestro territorio\u201d, expres\u00f3 el presidente del Instituto de Cultura del Chaco, Mario Zorrilla.<\/p>\n\n\n\n<p>&nbsp;Presencia institucional<\/p>\n\n\n\n<p>Desde el 23 de abril y hasta el 11 de mayo, la provincia cuenta con el Stand 3121 en el Pabell\u00f3n Ocre, impulsado por el Instituto de Cultura con el objetivo de proyectar la producci\u00f3n literaria y art\u00edstica local en uno de los escenarios m\u00e1s importantes del pa\u00eds.<\/p>\n\n\n\n<p>El espacio chaque\u00f1o ofrece exposici\u00f3n y venta de libros, actividades de la Biblioteca La Andariega, la participaci\u00f3n del Coro Chelaalap\u00ed y degustaciones de gastronom\u00eda tradicional. La delegaci\u00f3n oficial, seleccionada mediante una convocatoria p\u00fablica y abierta, est\u00e1 conformada por escritores, editores y hacedores culturales de distintas localidades, asegurando una representaci\u00f3n federal y de calidad.<\/p>\n\n\n\n<p>\u201cReafirmamos nuestro compromiso con pol\u00edticas que reflejen la riqueza cultural del Chaco y generen oportunidades de desarrollo para nuestros hacedores en el \u00e1mbito nacional\u201d, concluy\u00f3 Zorrilla.<\/p>\n","protected":false},"excerpt":{"rendered":"<p>28-Abr-26 Este mi\u00e9rcoles 30 de abril, la provincia vivir\u00e1 su jornada central en la 50\u00b0 Feria Internacional del Libro (FILBA). La actividad principal ser\u00e1 a las 20.30 en la Sala Horacio Gonz\u00e1lez (Pabell\u00f3n Ocre) con la propuesta \u201cChaco en el territorio de la imaginaci\u00f3n\u201d, dirigida por Luisella Manzone.<\/p>\n","protected":false},"author":4,"featured_media":363148,"comment_status":"closed","ping_status":"closed","sticky":false,"template":"","format":"standard","meta":[],"categories":[105],"tags":[],"_links":{"self":[{"href":"http:\/\/www.noticiasdelparana.com.ar\/NuevaEdicion\/wp-json\/wp\/v2\/posts\/363147"}],"collection":[{"href":"http:\/\/www.noticiasdelparana.com.ar\/NuevaEdicion\/wp-json\/wp\/v2\/posts"}],"about":[{"href":"http:\/\/www.noticiasdelparana.com.ar\/NuevaEdicion\/wp-json\/wp\/v2\/types\/post"}],"author":[{"embeddable":true,"href":"http:\/\/www.noticiasdelparana.com.ar\/NuevaEdicion\/wp-json\/wp\/v2\/users\/4"}],"replies":[{"embeddable":true,"href":"http:\/\/www.noticiasdelparana.com.ar\/NuevaEdicion\/wp-json\/wp\/v2\/comments?post=363147"}],"version-history":[{"count":1,"href":"http:\/\/www.noticiasdelparana.com.ar\/NuevaEdicion\/wp-json\/wp\/v2\/posts\/363147\/revisions"}],"predecessor-version":[{"id":363151,"href":"http:\/\/www.noticiasdelparana.com.ar\/NuevaEdicion\/wp-json\/wp\/v2\/posts\/363147\/revisions\/363151"}],"wp:featuredmedia":[{"embeddable":true,"href":"http:\/\/www.noticiasdelparana.com.ar\/NuevaEdicion\/wp-json\/wp\/v2\/media\/363148"}],"wp:attachment":[{"href":"http:\/\/www.noticiasdelparana.com.ar\/NuevaEdicion\/wp-json\/wp\/v2\/media?parent=363147"}],"wp:term":[{"taxonomy":"category","embeddable":true,"href":"http:\/\/www.noticiasdelparana.com.ar\/NuevaEdicion\/wp-json\/wp\/v2\/categories?post=363147"},{"taxonomy":"post_tag","embeddable":true,"href":"http:\/\/www.noticiasdelparana.com.ar\/NuevaEdicion\/wp-json\/wp\/v2\/tags?post=363147"}],"curies":[{"name":"wp","href":"https:\/\/api.w.org\/{rel}","templated":true}]}}