{"id":363152,"date":"2026-04-28T18:01:39","date_gmt":"2026-04-28T21:01:39","guid":{"rendered":"http:\/\/www.noticiasdelparana.com.ar\/NuevaEdicion\/?p=363152"},"modified":"2026-04-28T18:01:43","modified_gmt":"2026-04-28T21:01:43","slug":"chaco-con-musica-litoralena-el-ciclo-amicha-subira-al-escenario-del-guido-miranda","status":"publish","type":"post","link":"http:\/\/www.noticiasdelparana.com.ar\/NuevaEdicion\/2026\/04\/28\/chaco-con-musica-litoralena-el-ciclo-amicha-subira-al-escenario-del-guido-miranda\/","title":{"rendered":"CHACO: Con M\u00fasica Litorale\u00f1a, El Ciclo AMICHA Subir\u00e1 Al Escenario Del Guido Miranda"},"content":{"rendered":"\n<p>El grupo \u201cLo Nuestro\u201d, integrado por Sabrina Estefan\u00eda Taborda (voz y flauta traversa), Leonardo Rodr\u00edguez (guitarra y voz) y Carlos Antonio D\u00e9niz (percusi\u00f3n y quena), tocar\u00e1n junto a Bianca Almir\u00f3n (acorde\u00f3n) y Bruno Gonz\u00e1les (percusi\u00f3n) para recorrer nuestra m\u00fasica latinoamericana, interpretando canciones de Chabuca Granda, Violeta Parra, Chico Buarque, Teresita Fern\u00e1ndez, Martha Quiles, Zito Zegovia y otros compositores de renombre internacional.<\/p>\n\n\n\n<p>Mientras que \u201cDifusi\u00f3n Masiva del Chamam\u00e9\u201d es un proyecto que se enmarca en la transmisi\u00f3n de nuestra m\u00fasica regional, recorriendo el Chaco y dando a conocer de primera mano el cancionero del litoral. La banda est\u00e1 conformada por Tito Luque, Julio Romero y Leonardo Rodr\u00edguez, quienes contar\u00e1n con invitados.<\/p>\n\n\n\n<p>Las entradas tienen un valor de $ 10.000 anticipadas y $ 12.000 en puerta y se pueden adquirir en la boleter\u00eda del teatro de mi\u00e9rcoles a s\u00e1bados, de 17 a 21 horas.<\/p>\n","protected":false},"excerpt":{"rendered":"<p>28-Abr-26 El jueves 21 de mayo, a las 21, en el Complejo Cultural Guido Miranda se presentar\u00e1n los grupos \u201cLo Nuestro\u201d y \u201cDifusi\u00f3n Masiva del Chamam\u00e9\u201d. La propuesta es parte del ciclo \u201c+M\u00fasica\u201d, de la Asociaci\u00f3n de M\u00fasicos Independientes del Chaco (AMICHA).<\/p>\n","protected":false},"author":4,"featured_media":363149,"comment_status":"closed","ping_status":"closed","sticky":false,"template":"","format":"standard","meta":[],"categories":[105],"tags":[],"_links":{"self":[{"href":"http:\/\/www.noticiasdelparana.com.ar\/NuevaEdicion\/wp-json\/wp\/v2\/posts\/363152"}],"collection":[{"href":"http:\/\/www.noticiasdelparana.com.ar\/NuevaEdicion\/wp-json\/wp\/v2\/posts"}],"about":[{"href":"http:\/\/www.noticiasdelparana.com.ar\/NuevaEdicion\/wp-json\/wp\/v2\/types\/post"}],"author":[{"embeddable":true,"href":"http:\/\/www.noticiasdelparana.com.ar\/NuevaEdicion\/wp-json\/wp\/v2\/users\/4"}],"replies":[{"embeddable":true,"href":"http:\/\/www.noticiasdelparana.com.ar\/NuevaEdicion\/wp-json\/wp\/v2\/comments?post=363152"}],"version-history":[{"count":1,"href":"http:\/\/www.noticiasdelparana.com.ar\/NuevaEdicion\/wp-json\/wp\/v2\/posts\/363152\/revisions"}],"predecessor-version":[{"id":363154,"href":"http:\/\/www.noticiasdelparana.com.ar\/NuevaEdicion\/wp-json\/wp\/v2\/posts\/363152\/revisions\/363154"}],"wp:featuredmedia":[{"embeddable":true,"href":"http:\/\/www.noticiasdelparana.com.ar\/NuevaEdicion\/wp-json\/wp\/v2\/media\/363149"}],"wp:attachment":[{"href":"http:\/\/www.noticiasdelparana.com.ar\/NuevaEdicion\/wp-json\/wp\/v2\/media?parent=363152"}],"wp:term":[{"taxonomy":"category","embeddable":true,"href":"http:\/\/www.noticiasdelparana.com.ar\/NuevaEdicion\/wp-json\/wp\/v2\/categories?post=363152"},{"taxonomy":"post_tag","embeddable":true,"href":"http:\/\/www.noticiasdelparana.com.ar\/NuevaEdicion\/wp-json\/wp\/v2\/tags?post=363152"}],"curies":[{"name":"wp","href":"https:\/\/api.w.org\/{rel}","templated":true}]}}