{"id":363153,"date":"2026-04-30T19:34:17","date_gmt":"2026-04-30T22:34:17","guid":{"rendered":"http:\/\/www.noticiasdelparana.com.ar\/NuevaEdicion\/?p=363153"},"modified":"2026-04-30T19:36:56","modified_gmt":"2026-04-30T22:36:56","slug":"a-un-hombre-con-pedido-de-captura-por-homicidio-agravado-en-buenos-aires","status":"publish","type":"post","link":"http:\/\/www.noticiasdelparana.com.ar\/NuevaEdicion\/2026\/04\/30\/a-un-hombre-con-pedido-de-captura-por-homicidio-agravado-en-buenos-aires\/","title":{"rendered":"CHACO: Detuvieron A Un Hombre Con Pedido De Captura Por Homicidio Agravado En Buenos Aires"},"content":{"rendered":"\n<p>Este mediod\u00eda, personal de la Divisi\u00f3n de Investigaciones Complejas Interior de Villa \u00c1ngela logr\u00f3 la detenci\u00f3n de un hombre intensamente buscado por la Justicia bonaerense en el marco de una causa por supuesto homicidio agravado.<\/p>\n\n\n\n<p>Todo comenz\u00f3, cuando los Agente tomaron conocimiento a trav\u00e9s de un pedido de colaboraci\u00f3n de la Divisi\u00f3n de Delitos contra las Personas, donde solicitaban dar con el paradero de un sujeto de 34 a\u00f1os, el cual era intensamente buscado por una causa de Supuesto homicidio agravado\u201d, lo que deriv\u00f3 en una serie de tareas de inteligencia e intercambio de informaci\u00f3n entre distintas dependencias, incluyendo personal de Investigaciones de Charata.<\/p>\n\n\n\n<p>Tras averiguaciones determinaron que el sujeto se habr\u00eda trasladado a la ciudad de Villa \u00c1ngela.<\/p>\n\n\n\n<p>Es as\u00ed que tras vigilancia discreta, los investigadores lograron ubicar al sospechoso en el barrio Sargento Cabral, donde se mont\u00f3 un operativo cerrojo logrando dar con el hombre de 34 a\u00f1os.<\/p>\n\n\n\n<p>Luego fue trasladado a la Comisar\u00eda Primera de Villa \u00c1ngela. La magistratura en turno dispuso que permanezca detenido mientras se avanzan las diligencias judiciales correspondientes.<\/p>\n\n\n\n<p>Asimismo se comunicaron con la DDI de Campana para coordinar el exhorto judicial que permitir\u00e1 su traslado a la provincia de Buenos Aires, donde deber\u00e1 responder ante la causa en su contra.<\/p>\n","protected":false},"excerpt":{"rendered":"<p>30-Abr-26 El sospechoso, de 34 a\u00f1os, fue localizado tras un intenso trabajo de inteligencia policial y ser\u00e1 trasladado a Campana, donde est\u00e1 acusado como presunto autor de un crimen ocurrido en la zona de islas del r\u00edo Paran\u00e1.<\/p>\n","protected":false},"author":3,"featured_media":363544,"comment_status":"closed","ping_status":"closed","sticky":false,"template":"","format":"standard","meta":[],"categories":[103],"tags":[],"_links":{"self":[{"href":"http:\/\/www.noticiasdelparana.com.ar\/NuevaEdicion\/wp-json\/wp\/v2\/posts\/363153"}],"collection":[{"href":"http:\/\/www.noticiasdelparana.com.ar\/NuevaEdicion\/wp-json\/wp\/v2\/posts"}],"about":[{"href":"http:\/\/www.noticiasdelparana.com.ar\/NuevaEdicion\/wp-json\/wp\/v2\/types\/post"}],"author":[{"embeddable":true,"href":"http:\/\/www.noticiasdelparana.com.ar\/NuevaEdicion\/wp-json\/wp\/v2\/users\/3"}],"replies":[{"embeddable":true,"href":"http:\/\/www.noticiasdelparana.com.ar\/NuevaEdicion\/wp-json\/wp\/v2\/comments?post=363153"}],"version-history":[{"count":1,"href":"http:\/\/www.noticiasdelparana.com.ar\/NuevaEdicion\/wp-json\/wp\/v2\/posts\/363153\/revisions"}],"predecessor-version":[{"id":363543,"href":"http:\/\/www.noticiasdelparana.com.ar\/NuevaEdicion\/wp-json\/wp\/v2\/posts\/363153\/revisions\/363543"}],"wp:featuredmedia":[{"embeddable":true,"href":"http:\/\/www.noticiasdelparana.com.ar\/NuevaEdicion\/wp-json\/wp\/v2\/media\/363544"}],"wp:attachment":[{"href":"http:\/\/www.noticiasdelparana.com.ar\/NuevaEdicion\/wp-json\/wp\/v2\/media?parent=363153"}],"wp:term":[{"taxonomy":"category","embeddable":true,"href":"http:\/\/www.noticiasdelparana.com.ar\/NuevaEdicion\/wp-json\/wp\/v2\/categories?post=363153"},{"taxonomy":"post_tag","embeddable":true,"href":"http:\/\/www.noticiasdelparana.com.ar\/NuevaEdicion\/wp-json\/wp\/v2\/tags?post=363153"}],"curies":[{"name":"wp","href":"https:\/\/api.w.org\/{rel}","templated":true}]}}