{"id":363155,"date":"2026-04-28T18:02:33","date_gmt":"2026-04-28T21:02:33","guid":{"rendered":"http:\/\/www.noticiasdelparana.com.ar\/NuevaEdicion\/?p=363155"},"modified":"2026-04-28T18:02:38","modified_gmt":"2026-04-28T21:02:38","slug":"chaco-el-decaad-acompanara-un-ciclo-de-cine-metafisico-en-la-facultad-de-humanidades","status":"publish","type":"post","link":"http:\/\/www.noticiasdelparana.com.ar\/NuevaEdicion\/2026\/04\/28\/chaco-el-decaad-acompanara-un-ciclo-de-cine-metafisico-en-la-facultad-de-humanidades\/","title":{"rendered":"CHACO: El DECAAD Acompa\u00f1ar\u00e1 Un Ciclo De Cine Metaf\u00edsico En La Facultad De Humanidades"},"content":{"rendered":"\n<p>La actividad est\u00e1 organizada por el equipo de la C\u00e1tedra de Metaf\u00edsica de la carrera de Filosof\u00eda y el Departamento de Filosof\u00eda de la mencionada facultad y contar\u00e1 con el acompa\u00f1amiento t\u00e9cnico del Departamento de Cine, Audiovisuales y Artes Digitales (DECAAD) del Instituto de Cultura del Chaco. La entrada ser\u00e1 gratuita.<\/p>\n\n\n\n<p>Esta propuesta est\u00e1 destinada a estudiantes de filosof\u00eda y otras carreras de la Facultad de Humanidades que investiguen tem\u00e1ticas relacionadas, y al p\u00fablico en general que pueda sentirse interesado. El ciclo tendr\u00e1 en total tres encuentros, en el mismo horario. Los restantes encuentros se desarrollar\u00e1n por lo tanto los mi\u00e9rcoles 6 y 13 de mayo.<\/p>\n\n\n\n<p>En la primera oportunidad se proyectar\u00e1 Hedwing y la pulgada furiosa (2001, John Cameron Mitchell), con la intenci\u00f3n de reflexionar sobre la sexualidad, la b\u00fasqueda de uno mismo y la naturaleza humana. En el segundo encuentro se exhibir\u00e1 Las amargas l\u00e1grimas de Preta Von Kant (1972, Rainer Werner Fassbinder), con el fin de poner en debate la identidad, la soledad, el amor, la codependencia y la opresi\u00f3n. Y para cerrar se reproducir\u00e1n fragmentos de la serie Severance (2022, Apple TV+), para aludir a la identidad, el trabajo y la naturaleza humana.<\/p>\n\n\n\n<p>\u201cLa intenci\u00f3n es mantener una relaci\u00f3n dial\u00f3gica y participativa con la comunidad. La propuesta surge de la necesidad de otorgar un espacio espec\u00edfico que permita un enfoque dial\u00f3gico e interactivo entre contenidos propios del campo disciplinar filos\u00f3fico y reflexiones de la comunidad\u201d, expresaron desde la organizaci\u00f3n.<\/p>\n\n\n\n<p>\u201cA trav\u00e9s de esta actividad, se busca incentivar una mayor participaci\u00f3n en los espacios de investigaci\u00f3n y producci\u00f3n filos\u00f3fica, as\u00ed como fomentar el intercambio y la circulaci\u00f3n de ideas y teor\u00edas dentro de un marco de reflexi\u00f3n plural, facilitando el ejercicio de comunicar, debatir y reflexionar entre personas dentro y fuera del campo filos\u00f3fico espec\u00edfico\u201d, agregaron.<\/p>\n","protected":false},"excerpt":{"rendered":"<p>28-Abr-26 Este mi\u00e9rcoles 29 de abril a las 18, en el aula 6 de la Facultad de Humanidades de la UNNE, dar\u00e1 comienzo el ciclo Cine y Metaf\u00edsica: La metaf\u00edsica como un mar sin orillas.<\/p>\n","protected":false},"author":4,"featured_media":363150,"comment_status":"closed","ping_status":"closed","sticky":false,"template":"","format":"standard","meta":[],"categories":[105],"tags":[],"_links":{"self":[{"href":"http:\/\/www.noticiasdelparana.com.ar\/NuevaEdicion\/wp-json\/wp\/v2\/posts\/363155"}],"collection":[{"href":"http:\/\/www.noticiasdelparana.com.ar\/NuevaEdicion\/wp-json\/wp\/v2\/posts"}],"about":[{"href":"http:\/\/www.noticiasdelparana.com.ar\/NuevaEdicion\/wp-json\/wp\/v2\/types\/post"}],"author":[{"embeddable":true,"href":"http:\/\/www.noticiasdelparana.com.ar\/NuevaEdicion\/wp-json\/wp\/v2\/users\/4"}],"replies":[{"embeddable":true,"href":"http:\/\/www.noticiasdelparana.com.ar\/NuevaEdicion\/wp-json\/wp\/v2\/comments?post=363155"}],"version-history":[{"count":1,"href":"http:\/\/www.noticiasdelparana.com.ar\/NuevaEdicion\/wp-json\/wp\/v2\/posts\/363155\/revisions"}],"predecessor-version":[{"id":363156,"href":"http:\/\/www.noticiasdelparana.com.ar\/NuevaEdicion\/wp-json\/wp\/v2\/posts\/363155\/revisions\/363156"}],"wp:featuredmedia":[{"embeddable":true,"href":"http:\/\/www.noticiasdelparana.com.ar\/NuevaEdicion\/wp-json\/wp\/v2\/media\/363150"}],"wp:attachment":[{"href":"http:\/\/www.noticiasdelparana.com.ar\/NuevaEdicion\/wp-json\/wp\/v2\/media?parent=363155"}],"wp:term":[{"taxonomy":"category","embeddable":true,"href":"http:\/\/www.noticiasdelparana.com.ar\/NuevaEdicion\/wp-json\/wp\/v2\/categories?post=363155"},{"taxonomy":"post_tag","embeddable":true,"href":"http:\/\/www.noticiasdelparana.com.ar\/NuevaEdicion\/wp-json\/wp\/v2\/tags?post=363155"}],"curies":[{"name":"wp","href":"https:\/\/api.w.org\/{rel}","templated":true}]}}