{"id":363160,"date":"2026-04-28T18:08:21","date_gmt":"2026-04-28T21:08:21","guid":{"rendered":"http:\/\/www.noticiasdelparana.com.ar\/NuevaEdicion\/?p=363160"},"modified":"2026-04-28T18:08:40","modified_gmt":"2026-04-28T21:08:40","slug":"barranqueras-nueva-importacion-de-maquinarias-a-traves-del-puerto-local","status":"publish","type":"post","link":"http:\/\/www.noticiasdelparana.com.ar\/NuevaEdicion\/2026\/04\/28\/barranqueras-nueva-importacion-de-maquinarias-a-traves-del-puerto-local\/","title":{"rendered":"BARRANQUERAS:   Nueva Importaci\u00f3n De Maquinarias A Trav\u00e9s Del Puerto Local"},"content":{"rendered":"\n<p>El Puerto de Barranqueras concret\u00f3 una nueva operaci\u00f3n de importaci\u00f3n con la llegada de tres maquinarias provenientes de India: dos equipos de compactaci\u00f3n y una retroexcavadora, destinadas a la empresa Difamaq de la ciudad de Resistencia. La operatoria se realiz\u00f3 con la intervenci\u00f3n de DebComex Despachantes de Aduana, reafirmando la capacidad log\u00edstica y operativa del puerto chaque\u00f1o.<\/p>\n\n\n\n<p>Esta nueva carga se suma a una serie de movimientos que evidencian el crecimiento sostenido de la actividad portuaria, consolidando al Puerto Barranqueras como un nodo clave para el ingreso y egreso de mercader\u00edas en la regi\u00f3n.<\/p>\n\n\n\n<p>La administradora del Puerto Barranqueras, Alicia Azula, destac\u00f3 la importancia de este tipo de operaciones: \u201cCada nueva operatoria refleja el crecimiento de nuestro Puerto y la confianza del sector privado en nuestros servicios. Seguimos trabajando para garantizar eficiencia y competitividad, acompa\u00f1ando el desarrollo productivo de toda la regi\u00f3n\u201d.<\/p>\n\n\n\n<p>En esa l\u00ednea, remarc\u00f3 el trabajo articulado con el sector empresarial y el acompa\u00f1amiento del Gobierno provincial, que impulsa pol\u00edticas orientadas a fortalecer la infraestructura y la log\u00edstica como herramientas fundamentales para el crecimiento econ\u00f3mico.<\/p>\n\n\n\n<p>Desde el Puerto de Barranqueras se contin\u00faa afianzando el v\u00ednculo con el sector privado, promoviendo inversiones y generando nuevas oportunidades para el Chaco, con una mirada estrat\u00e9gica puesta en el desarrollo regional y la integraci\u00f3n productiva.<\/p>\n","protected":false},"excerpt":{"rendered":"<p>28-Abr-26 Arribaron desde India dos equipos de compactaci\u00f3n y una retroexcavadora con destino a una empresa de Resistencia, fortaleciendo la operatoria y el desarrollo productivo regional.<\/p>\n","protected":false},"author":3,"featured_media":363161,"comment_status":"closed","ping_status":"closed","sticky":false,"template":"","format":"standard","meta":[],"categories":[99],"tags":[],"_links":{"self":[{"href":"http:\/\/www.noticiasdelparana.com.ar\/NuevaEdicion\/wp-json\/wp\/v2\/posts\/363160"}],"collection":[{"href":"http:\/\/www.noticiasdelparana.com.ar\/NuevaEdicion\/wp-json\/wp\/v2\/posts"}],"about":[{"href":"http:\/\/www.noticiasdelparana.com.ar\/NuevaEdicion\/wp-json\/wp\/v2\/types\/post"}],"author":[{"embeddable":true,"href":"http:\/\/www.noticiasdelparana.com.ar\/NuevaEdicion\/wp-json\/wp\/v2\/users\/3"}],"replies":[{"embeddable":true,"href":"http:\/\/www.noticiasdelparana.com.ar\/NuevaEdicion\/wp-json\/wp\/v2\/comments?post=363160"}],"version-history":[{"count":1,"href":"http:\/\/www.noticiasdelparana.com.ar\/NuevaEdicion\/wp-json\/wp\/v2\/posts\/363160\/revisions"}],"predecessor-version":[{"id":363162,"href":"http:\/\/www.noticiasdelparana.com.ar\/NuevaEdicion\/wp-json\/wp\/v2\/posts\/363160\/revisions\/363162"}],"wp:featuredmedia":[{"embeddable":true,"href":"http:\/\/www.noticiasdelparana.com.ar\/NuevaEdicion\/wp-json\/wp\/v2\/media\/363161"}],"wp:attachment":[{"href":"http:\/\/www.noticiasdelparana.com.ar\/NuevaEdicion\/wp-json\/wp\/v2\/media?parent=363160"}],"wp:term":[{"taxonomy":"category","embeddable":true,"href":"http:\/\/www.noticiasdelparana.com.ar\/NuevaEdicion\/wp-json\/wp\/v2\/categories?post=363160"},{"taxonomy":"post_tag","embeddable":true,"href":"http:\/\/www.noticiasdelparana.com.ar\/NuevaEdicion\/wp-json\/wp\/v2\/tags?post=363160"}],"curies":[{"name":"wp","href":"https:\/\/api.w.org\/{rel}","templated":true}]}}