{"id":363167,"date":"2026-04-28T19:53:07","date_gmt":"2026-04-28T22:53:07","guid":{"rendered":"http:\/\/www.noticiasdelparana.com.ar\/NuevaEdicion\/?p=363167"},"modified":"2026-04-28T19:53:10","modified_gmt":"2026-04-28T22:53:10","slug":"chaco-exitoso-operativo-sanitario-movil-en-fontana","status":"publish","type":"post","link":"http:\/\/www.noticiasdelparana.com.ar\/NuevaEdicion\/2026\/04\/28\/chaco-exitoso-operativo-sanitario-movil-en-fontana\/","title":{"rendered":"CHACO: Exitoso Operativo Sanitario M\u00f3vil En Fontana"},"content":{"rendered":"\n<p>La actividad fue impulsada por el Gobierno provincial, a trav\u00e9s del Ministerio de Salud, en articulaci\u00f3n con la Fundaci\u00f3n CONIN. El operativo cont\u00f3 con una importante convocatoria y permiti\u00f3 reforzar la presencia territorial del sistema sanitario, facilitando el acceso a prestaciones b\u00e1sicas en cercan\u00eda a las familias.<\/p>\n\n\n\n<p>Organizado por la Regi\u00f3n Sanitaria VIII y la Subsecretar\u00eda de Redes de Salud Este, en conjunto con el Centro de Salud \u201cR\u00edo Araz\u00e1\u201d, bajo la coordinaci\u00f3n de la enfermera Elda Palavesino, el dispositivo funcion\u00f3 entre las 8 y las 12 en la intersecci\u00f3n de avenida San Mart\u00edn y Santiago del Estero. All\u00ed se brindaron controles de ni\u00f1o sano y certificados de salud, evaluaci\u00f3n nutricional para embarazadas y ni\u00f1os menores de cinco a\u00f1os, revisi\u00f3n y actualizaci\u00f3n del calendario de vacunaci\u00f3n, adem\u00e1s de atenci\u00f3n odontol\u00f3gica con emisi\u00f3n de certificados bucodentales.<\/p>\n\n\n\n<p>La licenciada en Nutrici\u00f3n, Carina Mart\u00ednez, destac\u00f3 la participaci\u00f3n de los vecinos y el trabajo articulado con el Centro Integrador Comunitario (CIC) del barrio 444 Viviendas. \u201cSe realizaron controles de peso y talla, atenci\u00f3n odontol\u00f3gica, actualizaci\u00f3n de carnet de vacunas y evaluaciones m\u00e9dicas para certificados escolares, adem\u00e1s de tareas de prevenci\u00f3n e invitaci\u00f3n a continuar tratamientos en el centro de salud\u201d, explic\u00f3.<\/p>\n\n\n\n<p>En ese sentido, valor\u00f3 el trabajo en equipo y remarc\u00f3 la importancia de contar con atenci\u00f3n nutricional en el territorio. \u201cAtendimos a mucha gente y todos los sectores participaron. Nuestro centro es uno de los pocos que cuenta con nutricionista, junto con el hospital Fleitas, lo que nos permite brindar un abordaje integral\u201d, concluy\u00f3.<\/p>\n\n\n\n<p>Este tipo de operativos refuerza la estrategia sanitaria provincial de acercar servicios de calidad a cada comunidad, promoviendo la prevenci\u00f3n y el cuidado de la salud en todo el territorio.<\/p>\n","protected":false},"excerpt":{"rendered":"<p>28-Abr-26 En la plaza del barrio Independencia de Fontana, este martes se llev\u00f3 adelante un nuevo Operativo Sanitario M\u00f3vil que acerc\u00f3 servicios esenciales de salud a vecinos de la localidad, con controles cl\u00ednicos, inmunizaciones, atenci\u00f3n odontol\u00f3gica y seguimiento nutricional.<\/p>\n","protected":false},"author":3,"featured_media":363168,"comment_status":"closed","ping_status":"closed","sticky":false,"template":"","format":"standard","meta":[],"categories":[98],"tags":[],"_links":{"self":[{"href":"http:\/\/www.noticiasdelparana.com.ar\/NuevaEdicion\/wp-json\/wp\/v2\/posts\/363167"}],"collection":[{"href":"http:\/\/www.noticiasdelparana.com.ar\/NuevaEdicion\/wp-json\/wp\/v2\/posts"}],"about":[{"href":"http:\/\/www.noticiasdelparana.com.ar\/NuevaEdicion\/wp-json\/wp\/v2\/types\/post"}],"author":[{"embeddable":true,"href":"http:\/\/www.noticiasdelparana.com.ar\/NuevaEdicion\/wp-json\/wp\/v2\/users\/3"}],"replies":[{"embeddable":true,"href":"http:\/\/www.noticiasdelparana.com.ar\/NuevaEdicion\/wp-json\/wp\/v2\/comments?post=363167"}],"version-history":[{"count":1,"href":"http:\/\/www.noticiasdelparana.com.ar\/NuevaEdicion\/wp-json\/wp\/v2\/posts\/363167\/revisions"}],"predecessor-version":[{"id":363169,"href":"http:\/\/www.noticiasdelparana.com.ar\/NuevaEdicion\/wp-json\/wp\/v2\/posts\/363167\/revisions\/363169"}],"wp:featuredmedia":[{"embeddable":true,"href":"http:\/\/www.noticiasdelparana.com.ar\/NuevaEdicion\/wp-json\/wp\/v2\/media\/363168"}],"wp:attachment":[{"href":"http:\/\/www.noticiasdelparana.com.ar\/NuevaEdicion\/wp-json\/wp\/v2\/media?parent=363167"}],"wp:term":[{"taxonomy":"category","embeddable":true,"href":"http:\/\/www.noticiasdelparana.com.ar\/NuevaEdicion\/wp-json\/wp\/v2\/categories?post=363167"},{"taxonomy":"post_tag","embeddable":true,"href":"http:\/\/www.noticiasdelparana.com.ar\/NuevaEdicion\/wp-json\/wp\/v2\/tags?post=363167"}],"curies":[{"name":"wp","href":"https:\/\/api.w.org\/{rel}","templated":true}]}}