{"id":363170,"date":"2026-04-28T19:57:09","date_gmt":"2026-04-28T22:57:09","guid":{"rendered":"http:\/\/www.noticiasdelparana.com.ar\/NuevaEdicion\/?p=363170"},"modified":"2026-04-28T19:57:12","modified_gmt":"2026-04-28T22:57:12","slug":"el-espinillo-progano-en-territorio-y-con-acompanamiento-directo-a-los-productores","status":"publish","type":"post","link":"http:\/\/www.noticiasdelparana.com.ar\/NuevaEdicion\/2026\/04\/28\/el-espinillo-progano-en-territorio-y-con-acompanamiento-directo-a-los-productores\/","title":{"rendered":"EL ESPINILLO: Progano En Territorio Y Con Acompa\u00f1amiento Directo A Los Productores"},"content":{"rendered":"\n<p>En esta oportunidad, el ministro de la Producci\u00f3n, Oscar Dudik, encabez\u00f3 una jornada de trabajo en El Espinillo junto a productores locales y avanz\u00f3 con respuestas concretas que impulsan el crecimiento del sector ganadero. \u201cEstamos en el territorio, escuchando a cada productor y trabajando para dar soluciones reales. PROGANO es una herramienta clave para fortalecer la producci\u00f3n y mejorar las condiciones de quienes sostienen la actividad en el interior profundo\u201d, expres\u00f3 Dudik.<br>Durante el encuentro, se abordaron distintas problem\u00e1ticas vinculadas al clima, a la producci\u00f3n, el acceso a recursos y la infraestructura rural, en un espacio de intercambio directo entre funcionarios y productores. \u201cSomos un Estado presente, que acompa\u00f1a, que est\u00e1 cerca y que genera oportunidades. Nuestro compromiso es claro: potenciar la producci\u00f3n y garantizar que cada productor tenga herramientas para crecer\u201d, agreg\u00f3 el ministro.<br>La jornada cont\u00f3 con la participaci\u00f3n del subsecretario de Agricultura, Julio Fant\u00edn; el vocal de la Administraci\u00f3n Provincial del Agua (APA), Luis Castagno; el intendente Zen\u00f3n Cuellar; equipos t\u00e9cnicos del Ministerio de la Producci\u00f3n, Consorcios Camineros y Vialidad Provincial, quienes trabajaron de manera articulada junto a los productores de la zona.<br>\u201cEste trabajo conjunto es fundamental para llegar con soluciones integrales. Cuando articulamos con los municipios y los organismos, logramos respuestas m\u00e1s r\u00e1pidas y eficaces para el sector\u201d, concluy\u00f3 Dudik.<br>Desde el Ministerio de la Producci\u00f3n informaron que estas acciones continuar\u00e1n en distintas localidades del Chaco, reafirmando el compromiso de acompa\u00f1ar a cada comunidad con presencia territorial, asistencia t\u00e9cnica y pol\u00edticas p\u00fablicas orientadas al desarrollo productivo.<\/p>\n","protected":false},"excerpt":{"rendered":"<p>28-Abr-26 El Gobierno del Chaco, a trav\u00e9s del Ministerio de la Producci\u00f3n y en el marco del Programa Ganadero del Norte (PROGANO), contin\u00faa fortaleciendo el desarrollo productivo en cada rinc\u00f3n de la provincia, con una fuerte presencia territorial y acompa\u00f1amiento directo a los peque\u00f1os productores.<\/p>\n","protected":false},"author":3,"featured_media":363171,"comment_status":"closed","ping_status":"closed","sticky":false,"template":"","format":"standard","meta":[],"categories":[98],"tags":[],"_links":{"self":[{"href":"http:\/\/www.noticiasdelparana.com.ar\/NuevaEdicion\/wp-json\/wp\/v2\/posts\/363170"}],"collection":[{"href":"http:\/\/www.noticiasdelparana.com.ar\/NuevaEdicion\/wp-json\/wp\/v2\/posts"}],"about":[{"href":"http:\/\/www.noticiasdelparana.com.ar\/NuevaEdicion\/wp-json\/wp\/v2\/types\/post"}],"author":[{"embeddable":true,"href":"http:\/\/www.noticiasdelparana.com.ar\/NuevaEdicion\/wp-json\/wp\/v2\/users\/3"}],"replies":[{"embeddable":true,"href":"http:\/\/www.noticiasdelparana.com.ar\/NuevaEdicion\/wp-json\/wp\/v2\/comments?post=363170"}],"version-history":[{"count":1,"href":"http:\/\/www.noticiasdelparana.com.ar\/NuevaEdicion\/wp-json\/wp\/v2\/posts\/363170\/revisions"}],"predecessor-version":[{"id":363172,"href":"http:\/\/www.noticiasdelparana.com.ar\/NuevaEdicion\/wp-json\/wp\/v2\/posts\/363170\/revisions\/363172"}],"wp:featuredmedia":[{"embeddable":true,"href":"http:\/\/www.noticiasdelparana.com.ar\/NuevaEdicion\/wp-json\/wp\/v2\/media\/363171"}],"wp:attachment":[{"href":"http:\/\/www.noticiasdelparana.com.ar\/NuevaEdicion\/wp-json\/wp\/v2\/media?parent=363170"}],"wp:term":[{"taxonomy":"category","embeddable":true,"href":"http:\/\/www.noticiasdelparana.com.ar\/NuevaEdicion\/wp-json\/wp\/v2\/categories?post=363170"},{"taxonomy":"post_tag","embeddable":true,"href":"http:\/\/www.noticiasdelparana.com.ar\/NuevaEdicion\/wp-json\/wp\/v2\/tags?post=363170"}],"curies":[{"name":"wp","href":"https:\/\/api.w.org\/{rel}","templated":true}]}}