{"id":363173,"date":"2026-04-28T20:10:37","date_gmt":"2026-04-28T23:10:37","guid":{"rendered":"http:\/\/www.noticiasdelparana.com.ar\/NuevaEdicion\/?p=363173"},"modified":"2026-04-28T20:10:42","modified_gmt":"2026-04-28T23:10:42","slug":"colonia-unidas-el-ministerio-de-seguridad-y-la-jefatura-de-policia-dispusieron-la-intervencion-de-la-comisaria","status":"publish","type":"post","link":"http:\/\/www.noticiasdelparana.com.ar\/NuevaEdicion\/2026\/04\/28\/colonia-unidas-el-ministerio-de-seguridad-y-la-jefatura-de-policia-dispusieron-la-intervencion-de-la-comisaria\/","title":{"rendered":"COLONIA UNIDAS: El Ministerio De Seguridad Y La Jefatura De Polic\u00eda Dispusieron La Intervenci\u00f3n De La Comisar\u00eda"},"content":{"rendered":"\n<p>Para llevar adelante esta medida fue designado como interventor el Comisario Inspector de Polic\u00eda Cristian Marcelo Coronel, Supervisor de Zona XVII\u00b0 Interior, quien tendr\u00e1 la responsabilidad de normalizar el funcionamiento de la unidad, restablecer el orden administrativo y operativo, y elevar un informe detallado en el plazo de 30 d\u00edas corridos sobre la situaci\u00f3n institucional de la dependencia.<\/p>\n\n\n\n<p>Asimismo, deber\u00e1 evaluar el desempe\u00f1o de todo el personal policial que presta servicio en ese destino y proponer las medidas que resulten necesarias para garantizar eficiencia, disciplina y una correcta prestaci\u00f3n del servicio de seguridad a la comunidad.<\/p>\n\n\n\n<p>Desde el Ministerio de Seguridad se remarca que ya tom\u00f3 intervenci\u00f3n el \u00d3rgano de Control Institucional (O.C.I.) y que el oficial involucrado fue inmediatamente separado de sus funciones, con suspensi\u00f3n de haberes, mientras avanzan las actuaciones administrativas correspondientes.<\/p>\n\n\n\n<p>Por expresa directiva del ministro de Seguridad, Dr. Hugo Matkovich, toda persona que haya incumplido sus deberes o tenga alg\u00fan grado de responsabilidad en este hecho ser\u00e1 sancionada con el m\u00e1ximo rigor que permitan las normas vigentes. No habr\u00e1 tolerancia para conductas indebidas ni lugar para quienes manchen el uniforme y traicionen la confianza de la ciudadan\u00eda.<\/p>\n","protected":false},"excerpt":{"rendered":"<p>28-Abr-26 El Ministerio de Seguridad y la Jefatura de Polic\u00eda informan que, a trav\u00e9s de la Disposici\u00f3n N\u00b0 3455\/2026, se resolvi\u00f3 la intervenci\u00f3n de la Comisar\u00eda de Colonia Unidas, a ra\u00edz de los hechos de p\u00fablico conocimiento ocurridos en dicha dependencia.<\/p>\n","protected":false},"author":3,"featured_media":363174,"comment_status":"closed","ping_status":"closed","sticky":false,"template":"","format":"standard","meta":[],"categories":[103],"tags":[],"_links":{"self":[{"href":"http:\/\/www.noticiasdelparana.com.ar\/NuevaEdicion\/wp-json\/wp\/v2\/posts\/363173"}],"collection":[{"href":"http:\/\/www.noticiasdelparana.com.ar\/NuevaEdicion\/wp-json\/wp\/v2\/posts"}],"about":[{"href":"http:\/\/www.noticiasdelparana.com.ar\/NuevaEdicion\/wp-json\/wp\/v2\/types\/post"}],"author":[{"embeddable":true,"href":"http:\/\/www.noticiasdelparana.com.ar\/NuevaEdicion\/wp-json\/wp\/v2\/users\/3"}],"replies":[{"embeddable":true,"href":"http:\/\/www.noticiasdelparana.com.ar\/NuevaEdicion\/wp-json\/wp\/v2\/comments?post=363173"}],"version-history":[{"count":1,"href":"http:\/\/www.noticiasdelparana.com.ar\/NuevaEdicion\/wp-json\/wp\/v2\/posts\/363173\/revisions"}],"predecessor-version":[{"id":363175,"href":"http:\/\/www.noticiasdelparana.com.ar\/NuevaEdicion\/wp-json\/wp\/v2\/posts\/363173\/revisions\/363175"}],"wp:featuredmedia":[{"embeddable":true,"href":"http:\/\/www.noticiasdelparana.com.ar\/NuevaEdicion\/wp-json\/wp\/v2\/media\/363174"}],"wp:attachment":[{"href":"http:\/\/www.noticiasdelparana.com.ar\/NuevaEdicion\/wp-json\/wp\/v2\/media?parent=363173"}],"wp:term":[{"taxonomy":"category","embeddable":true,"href":"http:\/\/www.noticiasdelparana.com.ar\/NuevaEdicion\/wp-json\/wp\/v2\/categories?post=363173"},{"taxonomy":"post_tag","embeddable":true,"href":"http:\/\/www.noticiasdelparana.com.ar\/NuevaEdicion\/wp-json\/wp\/v2\/tags?post=363173"}],"curies":[{"name":"wp","href":"https:\/\/api.w.org\/{rel}","templated":true}]}}