{"id":363187,"date":"2026-04-28T20:46:07","date_gmt":"2026-04-28T23:46:07","guid":{"rendered":"http:\/\/www.noticiasdelparana.com.ar\/NuevaEdicion\/?p=363187"},"modified":"2026-04-28T20:46:10","modified_gmt":"2026-04-28T23:46:10","slug":"musica-un-encuentro-musical-historico-para-un-clasico-eterno-marcela-morelo-abel-pintos-le-dan-nueva-vida-a-manantial","status":"publish","type":"post","link":"http:\/\/www.noticiasdelparana.com.ar\/NuevaEdicion\/2026\/04\/28\/musica-un-encuentro-musical-historico-para-un-clasico-eterno-marcela-morelo-abel-pintos-le-dan-nueva-vida-a-manantial\/","title":{"rendered":"M\u00daSICA: Un Encuentro Musical Hist\u00f3rico Para Un Cl\u00e1sico Eterno Marcela Morelo &#038; Abel Pintos Le Dan Nueva Vida A \u201cManantial\u201d"},"content":{"rendered":"\n<p>Tras los lanzamientos de &#8220;No Me Lastimes&#8221; (junto a Soledad y La Delio Valdez), &#8220;Una y otra vez&#8221; (con Luciano Pereyra) y la reciente y fresca versi\u00f3n de &#8220;Luna Bonita&#8221; (junto a ROZE), La Morelo presenta una de las gemas m\u00e1s esperadas este proyecto: la nueva versi\u00f3n de &#8220;Manantial&#8221;, acompa\u00f1ada por uno de los m\u00e1s grandes referentes de la canci\u00f3n popular, Abel Pintos.<\/p>\n\n\n\n<p>Lanzada originalmente en 1997 como el single debut de su primer \u00e1lbum de estudio, &#8220;Manantial&#8221; se convirti\u00f3 instant\u00e1neamente en un himno de renovaci\u00f3n y esperanza. Hoy, casi tres d\u00e9cadas despu\u00e9s, la canci\u00f3n fluye nuevamente con una producci\u00f3n contempor\u00e1nea de la propia Morelo, Luis Burgio y Nano Novello, elevando la conexi\u00f3n org\u00e1nica entre dos artistas que comparten una profunda admiraci\u00f3n mutua.<\/p>\n\n\n\n<p>Para Morelo, esta colaboraci\u00f3n trasciende lo profesional para instalarse en lo puramente emocional. Al respecto, la artista comparte:<\/p>\n\n\n\n<p>&#8220;Grabar Manantial con Abel fue una de esas experiencias que te recuerdan por qu\u00e9 elegiste la m\u00fasica. Con \u00e9l todo es sencillo: es encuentro, es sensibilidad, es dejar que las voces se abracen. Tiene una calidez y un respeto por la m\u00fasica que se sienten en cada nota. No hay b\u00fasqueda forzada, hay conexi\u00f3n.&#8221;<\/p>\n\n\n\n<p>Abel Pintos dice: \u201cHay canciones que no solo se escuchan, se sienten desde un lugar muy profundo. \u2018Manantial\u2019 es una de ellas. Volver a compartir m\u00fasica con Marcela&nbsp; tiene algo de abrazo, de historia y de admiraci\u00f3n mutua. Es una artista a la que quiero y respeto mucho, y poder poner mi voz en una canci\u00f3n tan significativa de su repertorio es, para m\u00ed, un verdadero regalo.\u201d<\/p>\n\n\n\n<p>Siguiendo la est\u00e9tica de sus recientes lanzamientos que homenajean la cultura pop, el videoclip de &#8220;Manantial&#8221; captura la esencia de este encuentro en un entorno visual que equilibra la sobriedad art\u00edstica con gui\u00f1os a la trayectoria de ambos. La pieza audiovisual busca reflejar ese &#8220;di\u00e1logo de voces&#8221; del que habla Morelo, donde la m\u00fasica es la \u00fanica protagonista.<\/p>\n\n\n\n<p>Ambientado en un estudio de televisi\u00f3n vintage, cuenta con la participaci\u00f3n especial del conductor m\u00e1s ic\u00f3nico de la m\u00fasica en la pantalla chica: Juan Alberto Mateyko evocando a la era dorada de la TV.<\/p>\n\n\n\n<p>Con m\u00e1s de 27 a\u00f1os de trayectoria, Marcela Morelo reafirma su capacidad para atravesar generaciones. Mientras sus \u00faltimos singles dominan el Top 50 de radios y se posicionan en las principales playlists de Spotify, esta uni\u00f3n con Abel Pintos llega para consolidar un &#8220;Manantial de canciones&#8221; que sigue brotando con la misma fuerza que el primer d\u00eda.<\/p>\n","protected":false},"excerpt":{"rendered":"<p>28-Abr-26 Hay canciones que no solo marcan una carrera, sino que representan la banda sonora de muchos momentos de nuestras vidas. <\/p>\n","protected":false},"author":3,"featured_media":363181,"comment_status":"closed","ping_status":"closed","sticky":false,"template":"","format":"standard","meta":[],"categories":[105],"tags":[],"_links":{"self":[{"href":"http:\/\/www.noticiasdelparana.com.ar\/NuevaEdicion\/wp-json\/wp\/v2\/posts\/363187"}],"collection":[{"href":"http:\/\/www.noticiasdelparana.com.ar\/NuevaEdicion\/wp-json\/wp\/v2\/posts"}],"about":[{"href":"http:\/\/www.noticiasdelparana.com.ar\/NuevaEdicion\/wp-json\/wp\/v2\/types\/post"}],"author":[{"embeddable":true,"href":"http:\/\/www.noticiasdelparana.com.ar\/NuevaEdicion\/wp-json\/wp\/v2\/users\/3"}],"replies":[{"embeddable":true,"href":"http:\/\/www.noticiasdelparana.com.ar\/NuevaEdicion\/wp-json\/wp\/v2\/comments?post=363187"}],"version-history":[{"count":1,"href":"http:\/\/www.noticiasdelparana.com.ar\/NuevaEdicion\/wp-json\/wp\/v2\/posts\/363187\/revisions"}],"predecessor-version":[{"id":363188,"href":"http:\/\/www.noticiasdelparana.com.ar\/NuevaEdicion\/wp-json\/wp\/v2\/posts\/363187\/revisions\/363188"}],"wp:featuredmedia":[{"embeddable":true,"href":"http:\/\/www.noticiasdelparana.com.ar\/NuevaEdicion\/wp-json\/wp\/v2\/media\/363181"}],"wp:attachment":[{"href":"http:\/\/www.noticiasdelparana.com.ar\/NuevaEdicion\/wp-json\/wp\/v2\/media?parent=363187"}],"wp:term":[{"taxonomy":"category","embeddable":true,"href":"http:\/\/www.noticiasdelparana.com.ar\/NuevaEdicion\/wp-json\/wp\/v2\/categories?post=363187"},{"taxonomy":"post_tag","embeddable":true,"href":"http:\/\/www.noticiasdelparana.com.ar\/NuevaEdicion\/wp-json\/wp\/v2\/tags?post=363187"}],"curies":[{"name":"wp","href":"https:\/\/api.w.org\/{rel}","templated":true}]}}