{"id":363202,"date":"2026-04-28T22:06:02","date_gmt":"2026-04-29T01:06:02","guid":{"rendered":"http:\/\/www.noticiasdelparana.com.ar\/NuevaEdicion\/?p=363202"},"modified":"2026-04-28T22:06:07","modified_gmt":"2026-04-29T01:06:07","slug":"resistencia-secuestran-motocicleta-con-pedido-activo-por-robo-a-mano-armada","status":"publish","type":"post","link":"http:\/\/www.noticiasdelparana.com.ar\/NuevaEdicion\/2026\/04\/28\/resistencia-secuestran-motocicleta-con-pedido-activo-por-robo-a-mano-armada\/","title":{"rendered":"RESISTENCIA: Secuestran Motocicleta Con Pedido Activo Por Robo A Mano Armada"},"content":{"rendered":"\n<p>Esta tarde, alrededor de las 19:00, personal de la Divisi\u00f3n Caminantes realizaba tareas de prevenci\u00f3n en la zona de avenida 9 de Julio al 1500 donde procedi\u00f3 a la verificaci\u00f3n de una motocicleta a trav\u00e9s del Padr\u00f3n Motovehicular Unificado.<\/p>\n\n\n\n<p>Tras la consulta, se constat\u00f3 que el rodado presentaba un pedido activo desde el 25 de febrero de 2025, en el marco de una causa por \u201cSupuesto Robo con Arma de Fuego\u201d, a solicitud de la Comisar\u00eda Novena Metropolitana.<\/p>\n\n\n\n<p>Ante esta situaci\u00f3n, los efectivos procedieron al formal secuestro del veh\u00edculo, siendo posteriormente trasladado a la unidad interviniente para continuar con las diligencias legales correspondientes.<\/p>\n","protected":false},"excerpt":{"rendered":"<p>28-Abr-26 El rodado presentaba pedido activo vigente y fue trasladado a la comisar\u00eda correspondiente.<\/p>\n","protected":false},"author":4,"featured_media":363204,"comment_status":"closed","ping_status":"closed","sticky":false,"template":"","format":"standard","meta":[],"categories":[103],"tags":[],"_links":{"self":[{"href":"http:\/\/www.noticiasdelparana.com.ar\/NuevaEdicion\/wp-json\/wp\/v2\/posts\/363202"}],"collection":[{"href":"http:\/\/www.noticiasdelparana.com.ar\/NuevaEdicion\/wp-json\/wp\/v2\/posts"}],"about":[{"href":"http:\/\/www.noticiasdelparana.com.ar\/NuevaEdicion\/wp-json\/wp\/v2\/types\/post"}],"author":[{"embeddable":true,"href":"http:\/\/www.noticiasdelparana.com.ar\/NuevaEdicion\/wp-json\/wp\/v2\/users\/4"}],"replies":[{"embeddable":true,"href":"http:\/\/www.noticiasdelparana.com.ar\/NuevaEdicion\/wp-json\/wp\/v2\/comments?post=363202"}],"version-history":[{"count":1,"href":"http:\/\/www.noticiasdelparana.com.ar\/NuevaEdicion\/wp-json\/wp\/v2\/posts\/363202\/revisions"}],"predecessor-version":[{"id":363206,"href":"http:\/\/www.noticiasdelparana.com.ar\/NuevaEdicion\/wp-json\/wp\/v2\/posts\/363202\/revisions\/363206"}],"wp:featuredmedia":[{"embeddable":true,"href":"http:\/\/www.noticiasdelparana.com.ar\/NuevaEdicion\/wp-json\/wp\/v2\/media\/363204"}],"wp:attachment":[{"href":"http:\/\/www.noticiasdelparana.com.ar\/NuevaEdicion\/wp-json\/wp\/v2\/media?parent=363202"}],"wp:term":[{"taxonomy":"category","embeddable":true,"href":"http:\/\/www.noticiasdelparana.com.ar\/NuevaEdicion\/wp-json\/wp\/v2\/categories?post=363202"},{"taxonomy":"post_tag","embeddable":true,"href":"http:\/\/www.noticiasdelparana.com.ar\/NuevaEdicion\/wp-json\/wp\/v2\/tags?post=363202"}],"curies":[{"name":"wp","href":"https:\/\/api.w.org\/{rel}","templated":true}]}}