{"id":363209,"date":"2026-04-28T22:08:38","date_gmt":"2026-04-29T01:08:38","guid":{"rendered":"http:\/\/www.noticiasdelparana.com.ar\/NuevaEdicion\/?p=363209"},"modified":"2026-04-28T22:08:43","modified_gmt":"2026-04-29T01:08:43","slug":"resistencia-tras-rapida-intervencion-hallan-sano-y-salvo-a-menor-desaparecido","status":"publish","type":"post","link":"http:\/\/www.noticiasdelparana.com.ar\/NuevaEdicion\/2026\/04\/28\/resistencia-tras-rapida-intervencion-hallan-sano-y-salvo-a-menor-desaparecido\/","title":{"rendered":"RESISTENCIA: Tras R\u00e1pida Intervenci\u00f3n Hallan Sano Y Salvo A Menor Desaparecido"},"content":{"rendered":"\n<p>Efectivos de la Comisar\u00eda D\u00e9cima de Resistencia intervinieron este hace instantes, ante el pedido de ayuda de una mujer de 30 a\u00f1os, quien manifest\u00f3 que su hijo de 10 a\u00f1os hab\u00eda salido de la vivienda y no regresaba.<\/p>\n\n\n\n<p>El hecho fue informado alrededor de las 19. Seg\u00fan relat\u00f3 la madre, el ni\u00f1o se hab\u00eda retirado cerca de las 18, lo que gener\u00f3 preocupaci\u00f3n al no tener novedades sobre su paradero.<\/p>\n\n\n\n<p>De inmediato, personal del servicio externo inici\u00f3 tareas investigativas y rastrillajes en la zona, logrando localizar al menor dentro del mismo inmueble ubicado en Calle Santiago del Estero 3200 aproximadamente, escondido en el patio. De acuerdo a lo manifestado, se encontraba all\u00ed luego de haberse enojado con su madre.<\/p>\n\n\n\n<p>Finalmente, el ni\u00f1o junto a su madre fue trasladado a Medicina Legal para el examen correspondiente, para luego regresar a su domicilio<\/p>\n","protected":false},"excerpt":{"rendered":"<p>28-Abr-26 El menor estaba escondido en el patio de su casa tras haberse enojado con su madre.<\/p>\n","protected":false},"author":4,"featured_media":363203,"comment_status":"closed","ping_status":"closed","sticky":false,"template":"","format":"standard","meta":[],"categories":[103],"tags":[],"_links":{"self":[{"href":"http:\/\/www.noticiasdelparana.com.ar\/NuevaEdicion\/wp-json\/wp\/v2\/posts\/363209"}],"collection":[{"href":"http:\/\/www.noticiasdelparana.com.ar\/NuevaEdicion\/wp-json\/wp\/v2\/posts"}],"about":[{"href":"http:\/\/www.noticiasdelparana.com.ar\/NuevaEdicion\/wp-json\/wp\/v2\/types\/post"}],"author":[{"embeddable":true,"href":"http:\/\/www.noticiasdelparana.com.ar\/NuevaEdicion\/wp-json\/wp\/v2\/users\/4"}],"replies":[{"embeddable":true,"href":"http:\/\/www.noticiasdelparana.com.ar\/NuevaEdicion\/wp-json\/wp\/v2\/comments?post=363209"}],"version-history":[{"count":1,"href":"http:\/\/www.noticiasdelparana.com.ar\/NuevaEdicion\/wp-json\/wp\/v2\/posts\/363209\/revisions"}],"predecessor-version":[{"id":363210,"href":"http:\/\/www.noticiasdelparana.com.ar\/NuevaEdicion\/wp-json\/wp\/v2\/posts\/363209\/revisions\/363210"}],"wp:featuredmedia":[{"embeddable":true,"href":"http:\/\/www.noticiasdelparana.com.ar\/NuevaEdicion\/wp-json\/wp\/v2\/media\/363203"}],"wp:attachment":[{"href":"http:\/\/www.noticiasdelparana.com.ar\/NuevaEdicion\/wp-json\/wp\/v2\/media?parent=363209"}],"wp:term":[{"taxonomy":"category","embeddable":true,"href":"http:\/\/www.noticiasdelparana.com.ar\/NuevaEdicion\/wp-json\/wp\/v2\/categories?post=363209"},{"taxonomy":"post_tag","embeddable":true,"href":"http:\/\/www.noticiasdelparana.com.ar\/NuevaEdicion\/wp-json\/wp\/v2\/tags?post=363209"}],"curies":[{"name":"wp","href":"https:\/\/api.w.org\/{rel}","templated":true}]}}