{"id":363211,"date":"2026-04-28T23:20:16","date_gmt":"2026-04-29T02:20:16","guid":{"rendered":"http:\/\/www.noticiasdelparana.com.ar\/NuevaEdicion\/?p=363211"},"modified":"2026-04-28T23:20:21","modified_gmt":"2026-04-29T02:20:21","slug":"barranqueras-refuerzan-el-alumbrado-publico-en-los-barrios-40-y-20-viviendas","status":"publish","type":"post","link":"http:\/\/www.noticiasdelparana.com.ar\/NuevaEdicion\/2026\/04\/28\/barranqueras-refuerzan-el-alumbrado-publico-en-los-barrios-40-y-20-viviendas\/","title":{"rendered":"BARRANQUERAS: Refuerzan El Alumbrado P\u00fablico En Los Barrios 40 Y 20 Viviendas"},"content":{"rendered":"\n<p>A trav\u00e9s de la Secretar\u00eda de Obras P\u00fablicas, el equipo de Alumbrado P\u00fablico realiz\u00f3 la colocaci\u00f3n de nuevas luminarias en sectores estrat\u00e9gicos, previamente identificados durante recorridas territoriales junto a la comunidad.<\/p>\n\n\n\n<p>Desde el municipio destacaron que estas acciones permiten optimizar la visibilidad en la v\u00eda p\u00fablica y contribuir a la prevenci\u00f3n, fortaleciendo la calidad de vida en las zonas intervenidas.<\/p>\n\n\n\n<p>Asimismo, se\u00f1alaron que los trabajos fueron posibles gracias a la articulaci\u00f3n con la Fundaci\u00f3n de C\u00e9sar Gauto, lo que facilit\u00f3 avanzar con una respuesta concreta a las demandas de los vecinos.<\/p>\n\n\n\n<p>De esta manera, el gobierno municipal contin\u00faa impulsando obras que buscan mejorar los servicios b\u00e1sicos y acompa\u00f1ar el crecimiento de los distintos barrios de la ciudad.<\/p>\n","protected":false},"excerpt":{"rendered":"<p>28-Abr-26  La Municipalidad de Barranqueras llev\u00f3 adelante una intervenci\u00f3n en los barrios 40 Viviendas y 20 Viviendas, con el objetivo de mejorar la infraestructura urbana y brindar mayor seguridad a los vecinos.<\/p>\n","protected":false},"author":3,"featured_media":363212,"comment_status":"closed","ping_status":"closed","sticky":false,"template":"","format":"standard","meta":[],"categories":[99,108],"tags":[],"_links":{"self":[{"href":"http:\/\/www.noticiasdelparana.com.ar\/NuevaEdicion\/wp-json\/wp\/v2\/posts\/363211"}],"collection":[{"href":"http:\/\/www.noticiasdelparana.com.ar\/NuevaEdicion\/wp-json\/wp\/v2\/posts"}],"about":[{"href":"http:\/\/www.noticiasdelparana.com.ar\/NuevaEdicion\/wp-json\/wp\/v2\/types\/post"}],"author":[{"embeddable":true,"href":"http:\/\/www.noticiasdelparana.com.ar\/NuevaEdicion\/wp-json\/wp\/v2\/users\/3"}],"replies":[{"embeddable":true,"href":"http:\/\/www.noticiasdelparana.com.ar\/NuevaEdicion\/wp-json\/wp\/v2\/comments?post=363211"}],"version-history":[{"count":1,"href":"http:\/\/www.noticiasdelparana.com.ar\/NuevaEdicion\/wp-json\/wp\/v2\/posts\/363211\/revisions"}],"predecessor-version":[{"id":363213,"href":"http:\/\/www.noticiasdelparana.com.ar\/NuevaEdicion\/wp-json\/wp\/v2\/posts\/363211\/revisions\/363213"}],"wp:featuredmedia":[{"embeddable":true,"href":"http:\/\/www.noticiasdelparana.com.ar\/NuevaEdicion\/wp-json\/wp\/v2\/media\/363212"}],"wp:attachment":[{"href":"http:\/\/www.noticiasdelparana.com.ar\/NuevaEdicion\/wp-json\/wp\/v2\/media?parent=363211"}],"wp:term":[{"taxonomy":"category","embeddable":true,"href":"http:\/\/www.noticiasdelparana.com.ar\/NuevaEdicion\/wp-json\/wp\/v2\/categories?post=363211"},{"taxonomy":"post_tag","embeddable":true,"href":"http:\/\/www.noticiasdelparana.com.ar\/NuevaEdicion\/wp-json\/wp\/v2\/tags?post=363211"}],"curies":[{"name":"wp","href":"https:\/\/api.w.org\/{rel}","templated":true}]}}