{"id":363214,"date":"2026-04-28T23:31:11","date_gmt":"2026-04-29T02:31:11","guid":{"rendered":"http:\/\/www.noticiasdelparana.com.ar\/NuevaEdicion\/?p=363214"},"modified":"2026-04-28T23:31:16","modified_gmt":"2026-04-29T02:31:16","slug":"chaco-ruta-95-un-caballo-se-cruzo-y-provoco-un-accidente","status":"publish","type":"post","link":"http:\/\/www.noticiasdelparana.com.ar\/NuevaEdicion\/2026\/04\/28\/chaco-ruta-95-un-caballo-se-cruzo-y-provoco-un-accidente\/","title":{"rendered":"CHACO:  Ruta 95: Un Caballo Se Cruz\u00f3 Y Provoc\u00f3 Un Accidente"},"content":{"rendered":"\n<p>Un siniestro vial se registr\u00f3 en la Ruta Nacional 95, a la altura de la curva de Peguriel, cuando una camioneta Toyota que circulaba desde Villa \u00c1ngela hacia Coronel Du Graty embisti\u00f3 a un caballo que se cruz\u00f3 repentinamente sobre la calzada.<\/p>\n\n\n\n<figure class=\"wp-block-image size-large\"><img loading=\"lazy\" width=\"640\" height=\"480\" src=\"https:\/\/www.noticiasdelparana.com.ar\/NuevaEdicion\/wp-content\/uploads\/2026\/04\/acc-caballo2.jpg\" alt=\"\" class=\"wp-image-363216\" srcset=\"http:\/\/www.noticiasdelparana.com.ar\/NuevaEdicion\/wp-content\/uploads\/2026\/04\/acc-caballo2.jpg 640w, http:\/\/www.noticiasdelparana.com.ar\/NuevaEdicion\/wp-content\/uploads\/2026\/04\/acc-caballo2-300x225.jpg 300w\" sizes=\"(max-width: 640px) 100vw, 640px\" \/><\/figure>\n\n\n\n<p>En el veh\u00edculo viajaban dos personas. A ra\u00edz del impacto, el acompa\u00f1ante result\u00f3 herido y fue trasladado al hospital para su atenci\u00f3n m\u00e9dica.<\/p>\n\n\n\n<p>El conductor, en tanto, permanec\u00eda en el lugar al momento de la intervenci\u00f3n policial. Se investigan las circunstancias del hecho.<\/p>\n","protected":false},"excerpt":{"rendered":"<p>28-Abr-26 A ra\u00edz del impacto, el acompa\u00f1ante result\u00f3 herido y fue trasladado al hospital.<\/p>\n","protected":false},"author":3,"featured_media":363215,"comment_status":"closed","ping_status":"closed","sticky":false,"template":"","format":"standard","meta":[],"categories":[103],"tags":[],"_links":{"self":[{"href":"http:\/\/www.noticiasdelparana.com.ar\/NuevaEdicion\/wp-json\/wp\/v2\/posts\/363214"}],"collection":[{"href":"http:\/\/www.noticiasdelparana.com.ar\/NuevaEdicion\/wp-json\/wp\/v2\/posts"}],"about":[{"href":"http:\/\/www.noticiasdelparana.com.ar\/NuevaEdicion\/wp-json\/wp\/v2\/types\/post"}],"author":[{"embeddable":true,"href":"http:\/\/www.noticiasdelparana.com.ar\/NuevaEdicion\/wp-json\/wp\/v2\/users\/3"}],"replies":[{"embeddable":true,"href":"http:\/\/www.noticiasdelparana.com.ar\/NuevaEdicion\/wp-json\/wp\/v2\/comments?post=363214"}],"version-history":[{"count":1,"href":"http:\/\/www.noticiasdelparana.com.ar\/NuevaEdicion\/wp-json\/wp\/v2\/posts\/363214\/revisions"}],"predecessor-version":[{"id":363217,"href":"http:\/\/www.noticiasdelparana.com.ar\/NuevaEdicion\/wp-json\/wp\/v2\/posts\/363214\/revisions\/363217"}],"wp:featuredmedia":[{"embeddable":true,"href":"http:\/\/www.noticiasdelparana.com.ar\/NuevaEdicion\/wp-json\/wp\/v2\/media\/363215"}],"wp:attachment":[{"href":"http:\/\/www.noticiasdelparana.com.ar\/NuevaEdicion\/wp-json\/wp\/v2\/media?parent=363214"}],"wp:term":[{"taxonomy":"category","embeddable":true,"href":"http:\/\/www.noticiasdelparana.com.ar\/NuevaEdicion\/wp-json\/wp\/v2\/categories?post=363214"},{"taxonomy":"post_tag","embeddable":true,"href":"http:\/\/www.noticiasdelparana.com.ar\/NuevaEdicion\/wp-json\/wp\/v2\/tags?post=363214"}],"curies":[{"name":"wp","href":"https:\/\/api.w.org\/{rel}","templated":true}]}}