{"id":363218,"date":"2026-04-28T23:42:25","date_gmt":"2026-04-29T02:42:25","guid":{"rendered":"http:\/\/www.noticiasdelparana.com.ar\/NuevaEdicion\/?p=363218"},"modified":"2026-04-28T23:42:29","modified_gmt":"2026-04-29T02:42:29","slug":"pampa-del-infierno-perdio-el-control-de-su-camioneta-y-volco-por-la-ruta-16","status":"publish","type":"post","link":"http:\/\/www.noticiasdelparana.com.ar\/NuevaEdicion\/2026\/04\/28\/pampa-del-infierno-perdio-el-control-de-su-camioneta-y-volco-por-la-ruta-16\/","title":{"rendered":"PAMPA DEL INFIERNO: Perdi\u00f3 El Control De Su Camioneta Y Volc\u00f3 Por La Ruta 16"},"content":{"rendered":"\n<p>Un accidente de tr\u00e1nsito se registr\u00f3 en la ma\u00f1ana de este martes sobre la Ruta Nacional 16, a la altura del kil\u00f3metro 265, donde una camioneta Ford F-100 termin\u00f3 volcando. Afortunadamente, su conductor solo sufri\u00f3 lesiones leves y fue trasladado para revisi\u00f3n m\u00e9dica.&nbsp;<\/p>\n\n\n\n<p>El incidente tuvo lugar este 28 de abril, alrededor de las 7:30 horas. Personal policial de la Comisar\u00eda de Pampa del Infierno acudi\u00f3 r\u00e1pidamente al lugar tras tomar conocimiento del siniestro. All\u00ed, constataron el vuelco de una camioneta Ford F-100, roja.<\/p>\n\n\n\n<p>El veh\u00edculo era conducido por W. V, de 31 a\u00f1os, quien manifest\u00f3 haber perdido el control del rodado mientras viajaba desde R\u00edo Muerto hasta Pampa del Infierno. Una ambulancia del hospital local se hizo presente en el lugar y traslad\u00f3 al sujeto para que fuera examinado, confirm\u00e1ndose que se encontraba fuera de peligro.&nbsp;<\/p>\n\n\n\n<figure class=\"wp-block-image size-large\"><img loading=\"lazy\" width=\"640\" height=\"480\" src=\"https:\/\/www.noticiasdelparana.com.ar\/NuevaEdicion\/wp-content\/uploads\/2026\/04\/acc-camio.jpg\" alt=\"\" class=\"wp-image-363220\" srcset=\"http:\/\/www.noticiasdelparana.com.ar\/NuevaEdicion\/wp-content\/uploads\/2026\/04\/acc-camio.jpg 640w, http:\/\/www.noticiasdelparana.com.ar\/NuevaEdicion\/wp-content\/uploads\/2026\/04\/acc-camio-300x225.jpg 300w\" sizes=\"(max-width: 640px) 100vw, 640px\" \/><\/figure>\n\n\n\n<p>Afortunadamente, la camioneta volcada no obstruy\u00f3 la calzada, por lo que el tr\u00e1nsito en la Ruta Nacional 16 se mantuvo regulado sin mayores interrupciones. En el lugar, se labr\u00f3 un acta de constataci\u00f3n con tomas fotogr\u00e1ficas, y se cont\u00f3 con la colaboraci\u00f3n de lugare\u00f1os para asistir en las tareas de levantar el veh\u00edculo.&nbsp;<\/p>\n\n\n\n<p>La Fiscal\u00eda de Investigaci\u00f3n Penal N\u00b0 4 de Presidencia Roque S\u00e1enz Pe\u00f1a tom\u00f3 intervenci\u00f3n en la causa y dispuso las diligencias de rigor, incluyendo la realizaci\u00f3n del acta de constataci\u00f3n y el recabo del informe m\u00e9dico del conductor. Las autoridades contin\u00faan trabajando en el lugar para finalizar las tareas y determinar las causas exactas del vuelco.<\/p>\n","protected":false},"excerpt":{"rendered":"<p>28-Abr-26 Una ambulancia del hospital local se hizo presente en el lugar y traslad\u00f3 al sujeto para que fuera examinado, confirm\u00e1ndose que se encontraba fuera de peligro. <\/p>\n","protected":false},"author":3,"featured_media":363219,"comment_status":"closed","ping_status":"closed","sticky":false,"template":"","format":"standard","meta":[],"categories":[108,103],"tags":[],"_links":{"self":[{"href":"http:\/\/www.noticiasdelparana.com.ar\/NuevaEdicion\/wp-json\/wp\/v2\/posts\/363218"}],"collection":[{"href":"http:\/\/www.noticiasdelparana.com.ar\/NuevaEdicion\/wp-json\/wp\/v2\/posts"}],"about":[{"href":"http:\/\/www.noticiasdelparana.com.ar\/NuevaEdicion\/wp-json\/wp\/v2\/types\/post"}],"author":[{"embeddable":true,"href":"http:\/\/www.noticiasdelparana.com.ar\/NuevaEdicion\/wp-json\/wp\/v2\/users\/3"}],"replies":[{"embeddable":true,"href":"http:\/\/www.noticiasdelparana.com.ar\/NuevaEdicion\/wp-json\/wp\/v2\/comments?post=363218"}],"version-history":[{"count":1,"href":"http:\/\/www.noticiasdelparana.com.ar\/NuevaEdicion\/wp-json\/wp\/v2\/posts\/363218\/revisions"}],"predecessor-version":[{"id":363221,"href":"http:\/\/www.noticiasdelparana.com.ar\/NuevaEdicion\/wp-json\/wp\/v2\/posts\/363218\/revisions\/363221"}],"wp:featuredmedia":[{"embeddable":true,"href":"http:\/\/www.noticiasdelparana.com.ar\/NuevaEdicion\/wp-json\/wp\/v2\/media\/363219"}],"wp:attachment":[{"href":"http:\/\/www.noticiasdelparana.com.ar\/NuevaEdicion\/wp-json\/wp\/v2\/media?parent=363218"}],"wp:term":[{"taxonomy":"category","embeddable":true,"href":"http:\/\/www.noticiasdelparana.com.ar\/NuevaEdicion\/wp-json\/wp\/v2\/categories?post=363218"},{"taxonomy":"post_tag","embeddable":true,"href":"http:\/\/www.noticiasdelparana.com.ar\/NuevaEdicion\/wp-json\/wp\/v2\/tags?post=363218"}],"curies":[{"name":"wp","href":"https:\/\/api.w.org\/{rel}","templated":true}]}}