{"id":363226,"date":"2026-04-29T06:55:25","date_gmt":"2026-04-29T09:55:25","guid":{"rendered":"http:\/\/www.noticiasdelparana.com.ar\/NuevaEdicion\/?p=363226"},"modified":"2026-04-29T06:55:31","modified_gmt":"2026-04-29T09:55:31","slug":"makalle-adolescente-de-15-anos-perdio-la-vida-en-un-accidente-de-transito","status":"publish","type":"post","link":"http:\/\/www.noticiasdelparana.com.ar\/NuevaEdicion\/2026\/04\/29\/makalle-adolescente-de-15-anos-perdio-la-vida-en-un-accidente-de-transito\/","title":{"rendered":"MAKALL\u00c9: Adolescente De 15 A\u00f1os Perdi\u00f3 La Vida En Un Accidente De Tr\u00e1nsito"},"content":{"rendered":"\n<p>Anoche cerca de las 22.30 los efectivos de la Comisar\u00eda de Makall\u00e9 acudieron a la direcci\u00f3n mencionada ya que all\u00ed hab\u00eda ocurrido un accidente de tr\u00e1nsito. Al llegar constataron que se trataba de un choque entre una camioneta Fiat Fiorino y una motocicleta Suzuki Ax100.<\/p>\n\n\n\n<p>El veh\u00edculo de menor porte era conducido por un joven de 15 a\u00f1os que falleci\u00f3 en el acto, mientras que la camioneta era guiada por un hombre de 39 que result\u00f3 ileso.<\/p>\n\n\n\n<p>Se dio intervenci\u00f3n a la fiscal\u00eda en turno y se solicitaron los peritos del Gabinete Cient\u00edfico del Poder Judicial.<\/p>\n\n\n\n<p>Una vez finalizadas las actuaciones el cuerpo de Bomberos retir\u00f3 el cuerpo y lo traslad\u00f3 a la morgue judicial. Se labr\u00f3 acta de secuestro de los rodados y el conductor fue notificado de su situaci\u00f3n legal por Supuesto Homicidio en Accidente de tr\u00e1nsito.<\/p>\n","protected":false},"excerpt":{"rendered":"<p>29-Abr-26  Ocurri\u00f3 por la ruta 16 al kil\u00f3metro 62, el choque fatal se di\u00f3 entre una camioneta y una motocicleta.<\/p>\n","protected":false},"author":3,"featured_media":363227,"comment_status":"closed","ping_status":"closed","sticky":false,"template":"","format":"standard","meta":[],"categories":[103],"tags":[],"_links":{"self":[{"href":"http:\/\/www.noticiasdelparana.com.ar\/NuevaEdicion\/wp-json\/wp\/v2\/posts\/363226"}],"collection":[{"href":"http:\/\/www.noticiasdelparana.com.ar\/NuevaEdicion\/wp-json\/wp\/v2\/posts"}],"about":[{"href":"http:\/\/www.noticiasdelparana.com.ar\/NuevaEdicion\/wp-json\/wp\/v2\/types\/post"}],"author":[{"embeddable":true,"href":"http:\/\/www.noticiasdelparana.com.ar\/NuevaEdicion\/wp-json\/wp\/v2\/users\/3"}],"replies":[{"embeddable":true,"href":"http:\/\/www.noticiasdelparana.com.ar\/NuevaEdicion\/wp-json\/wp\/v2\/comments?post=363226"}],"version-history":[{"count":1,"href":"http:\/\/www.noticiasdelparana.com.ar\/NuevaEdicion\/wp-json\/wp\/v2\/posts\/363226\/revisions"}],"predecessor-version":[{"id":363228,"href":"http:\/\/www.noticiasdelparana.com.ar\/NuevaEdicion\/wp-json\/wp\/v2\/posts\/363226\/revisions\/363228"}],"wp:featuredmedia":[{"embeddable":true,"href":"http:\/\/www.noticiasdelparana.com.ar\/NuevaEdicion\/wp-json\/wp\/v2\/media\/363227"}],"wp:attachment":[{"href":"http:\/\/www.noticiasdelparana.com.ar\/NuevaEdicion\/wp-json\/wp\/v2\/media?parent=363226"}],"wp:term":[{"taxonomy":"category","embeddable":true,"href":"http:\/\/www.noticiasdelparana.com.ar\/NuevaEdicion\/wp-json\/wp\/v2\/categories?post=363226"},{"taxonomy":"post_tag","embeddable":true,"href":"http:\/\/www.noticiasdelparana.com.ar\/NuevaEdicion\/wp-json\/wp\/v2\/tags?post=363226"}],"curies":[{"name":"wp","href":"https:\/\/api.w.org\/{rel}","templated":true}]}}