{"id":363253,"date":"2026-04-29T08:40:37","date_gmt":"2026-04-29T11:40:37","guid":{"rendered":"http:\/\/www.noticiasdelparana.com.ar\/NuevaEdicion\/?p=363253"},"modified":"2026-04-29T08:40:41","modified_gmt":"2026-04-29T11:40:41","slug":"saenz-pena-dealer-herido-tras-tirotearse-con-la-policia","status":"publish","type":"post","link":"http:\/\/www.noticiasdelparana.com.ar\/NuevaEdicion\/2026\/04\/29\/saenz-pena-dealer-herido-tras-tirotearse-con-la-policia\/","title":{"rendered":"S\u00c1ENZ PE\u00d1A: Dealer Herido Tras Tirotearse Con La Polic\u00eda"},"content":{"rendered":"\n<p>Personal de la Divisi\u00f3n Operaciones Drogas Interior de S\u00e1enz Pe\u00f1a secuestr\u00f3 m\u00e1s de 200 gramos de marihuana durante un procedimiento realizado en calle 42 y esquina 9 del barrio Gin\u00e9s Ben\u00edtez, en el marco de una causa por \u201cSupuesta Infracci\u00f3n a la Ley 23.737\u201d.<\/p>\n\n\n\n<p>El operativo se concret\u00f3 entre anoche y esta madrugada, luego de tareas investigativas que indicaban presunta comercializaci\u00f3n de estupefacientes en la zona. Al arribar al lugar, los agentes detectaron a tres personas con actitudes sospechosas.<\/p>\n\n\n\n<p>Asimismo, al momento de intentar demorar a uno de ellos, otro sujeto habr\u00eda extra\u00eddo un arma de fabricaci\u00f3n casera tipo \u201ctumbera\u201d y efectuado un disparo contra el personal policial. Ante la agresi\u00f3n, un efectivo utiliz\u00f3 su arma reglamentaria para repeler el ataque, mientras dos de los involucrados escaparon del lugar.<\/p>\n\n\n\n<p>En el procedimiento fue demorado un adolescente de 16 a\u00f1os, a quien se le secuestr\u00f3 un trozo compacto y un envoltorio con un peso total de m\u00e1s de 200 gramos de marihuana, sustancia que dio positivo en las pruebas de campo realizadas. Por disposici\u00f3n judicial, el menor fue entregado posteriormente a sus tutores, previo examen m\u00e9dico.<\/p>\n\n\n\n<p>Minutos m\u00e1s tarde, desde el hospital local informaron el ingreso de un hombre de 35 a\u00f1os con una herida de arma de fuego en una pierna. Por sus caracter\u00edsticas f\u00edsicas, vestimenta y domicilio, los investigadores establecieron que se tratar\u00eda del sospechoso que habr\u00eda efectuado el disparo durante el operativo.<\/p>\n\n\n\n<p>Finalmente, la Fiscal\u00eda Antidrogas dispuso la aprehensi\u00f3n del hombre de 35 en la causa por \u201cSupuesta Infracci\u00f3n a la Ley 23.737\u201d, para permanecer internado con custodia policial.<\/p>\n","protected":false},"excerpt":{"rendered":"<p>29-Abr-26 Durante el operativo realizado anoche, un hombre habr\u00eda disparado contra los efectivos y luego fue localizado en el hospital.<\/p>\n","protected":false},"author":3,"featured_media":363254,"comment_status":"closed","ping_status":"closed","sticky":false,"template":"","format":"standard","meta":[],"categories":[103],"tags":[],"_links":{"self":[{"href":"http:\/\/www.noticiasdelparana.com.ar\/NuevaEdicion\/wp-json\/wp\/v2\/posts\/363253"}],"collection":[{"href":"http:\/\/www.noticiasdelparana.com.ar\/NuevaEdicion\/wp-json\/wp\/v2\/posts"}],"about":[{"href":"http:\/\/www.noticiasdelparana.com.ar\/NuevaEdicion\/wp-json\/wp\/v2\/types\/post"}],"author":[{"embeddable":true,"href":"http:\/\/www.noticiasdelparana.com.ar\/NuevaEdicion\/wp-json\/wp\/v2\/users\/3"}],"replies":[{"embeddable":true,"href":"http:\/\/www.noticiasdelparana.com.ar\/NuevaEdicion\/wp-json\/wp\/v2\/comments?post=363253"}],"version-history":[{"count":1,"href":"http:\/\/www.noticiasdelparana.com.ar\/NuevaEdicion\/wp-json\/wp\/v2\/posts\/363253\/revisions"}],"predecessor-version":[{"id":363255,"href":"http:\/\/www.noticiasdelparana.com.ar\/NuevaEdicion\/wp-json\/wp\/v2\/posts\/363253\/revisions\/363255"}],"wp:featuredmedia":[{"embeddable":true,"href":"http:\/\/www.noticiasdelparana.com.ar\/NuevaEdicion\/wp-json\/wp\/v2\/media\/363254"}],"wp:attachment":[{"href":"http:\/\/www.noticiasdelparana.com.ar\/NuevaEdicion\/wp-json\/wp\/v2\/media?parent=363253"}],"wp:term":[{"taxonomy":"category","embeddable":true,"href":"http:\/\/www.noticiasdelparana.com.ar\/NuevaEdicion\/wp-json\/wp\/v2\/categories?post=363253"},{"taxonomy":"post_tag","embeddable":true,"href":"http:\/\/www.noticiasdelparana.com.ar\/NuevaEdicion\/wp-json\/wp\/v2\/tags?post=363253"}],"curies":[{"name":"wp","href":"https:\/\/api.w.org\/{rel}","templated":true}]}}