{"id":363259,"date":"2026-04-29T08:45:06","date_gmt":"2026-04-29T11:45:06","guid":{"rendered":"http:\/\/www.noticiasdelparana.com.ar\/NuevaEdicion\/?p=363259"},"modified":"2026-04-29T08:45:15","modified_gmt":"2026-04-29T11:45:15","slug":"resistencia-detuvieron-a-un-hombre-con-pedido-de-captura-por-robo-a-mano-armada","status":"publish","type":"post","link":"http:\/\/www.noticiasdelparana.com.ar\/NuevaEdicion\/2026\/04\/29\/resistencia-detuvieron-a-un-hombre-con-pedido-de-captura-por-robo-a-mano-armada\/","title":{"rendered":"RESISTENCIA:    Detuvieron A Un Hombre Con Pedido De Captura Por Robo A Mano Armada"},"content":{"rendered":"\n<p>Esta madrugada, efectivos policiales detuvieron a un hombre de 32 a\u00f1os conocido como \u201cLa Garza\u201d, quien era intensamente buscado por la Justicia en el marco de una causa por &#8220;Supuesto Robo a Mano Armada&#8221;.<\/p>\n\n\n\n<p>El procedimiento se realiz\u00f3 cerca de las 2 cuando efectivos que realizaban tareas investigativas lograron reconocer, demorar y trasladar al sospechoso hasta la unidad policial.<\/p>\n\n\n\n<p>Adem\u00e1s el detenido tambi\u00e9n estar\u00eda involucrado en la sustracci\u00f3n de una motocicleta Gilera Smash 110 cilindradas, denunciada por un vecino de 68 a\u00f1os. El rodado hab\u00eda sido robado d\u00edas atr\u00e1s en el barrio Mariano Moreno.<\/p>\n\n\n\n<p>Al verificar sus antecedentes mediante el Si.Ge.BI (Sistema de Gestion Biometrica), se confirm\u00f3 que sobre el aprehendido pesaba un pedido activo de detenci\u00f3n solicitado el 28 de abril por la Fiscal\u00eda interviniente.<\/p>\n\n\n\n<p>Finalmente, se traslado al demorado a la Comisaria Quinta, donde fue notificado de las causas en cuestion, para asi quedar a disposicion de la Justicia.<\/p>\n","protected":false},"excerpt":{"rendered":"<p>29-Abr-26  El hombre de 32 a\u00f1os fue demorado por efectivos de la Comisar\u00eda Quinta Metropolitana.<\/p>\n","protected":false},"author":3,"featured_media":363260,"comment_status":"closed","ping_status":"closed","sticky":false,"template":"","format":"standard","meta":[],"categories":[103],"tags":[],"_links":{"self":[{"href":"http:\/\/www.noticiasdelparana.com.ar\/NuevaEdicion\/wp-json\/wp\/v2\/posts\/363259"}],"collection":[{"href":"http:\/\/www.noticiasdelparana.com.ar\/NuevaEdicion\/wp-json\/wp\/v2\/posts"}],"about":[{"href":"http:\/\/www.noticiasdelparana.com.ar\/NuevaEdicion\/wp-json\/wp\/v2\/types\/post"}],"author":[{"embeddable":true,"href":"http:\/\/www.noticiasdelparana.com.ar\/NuevaEdicion\/wp-json\/wp\/v2\/users\/3"}],"replies":[{"embeddable":true,"href":"http:\/\/www.noticiasdelparana.com.ar\/NuevaEdicion\/wp-json\/wp\/v2\/comments?post=363259"}],"version-history":[{"count":1,"href":"http:\/\/www.noticiasdelparana.com.ar\/NuevaEdicion\/wp-json\/wp\/v2\/posts\/363259\/revisions"}],"predecessor-version":[{"id":363261,"href":"http:\/\/www.noticiasdelparana.com.ar\/NuevaEdicion\/wp-json\/wp\/v2\/posts\/363259\/revisions\/363261"}],"wp:featuredmedia":[{"embeddable":true,"href":"http:\/\/www.noticiasdelparana.com.ar\/NuevaEdicion\/wp-json\/wp\/v2\/media\/363260"}],"wp:attachment":[{"href":"http:\/\/www.noticiasdelparana.com.ar\/NuevaEdicion\/wp-json\/wp\/v2\/media?parent=363259"}],"wp:term":[{"taxonomy":"category","embeddable":true,"href":"http:\/\/www.noticiasdelparana.com.ar\/NuevaEdicion\/wp-json\/wp\/v2\/categories?post=363259"},{"taxonomy":"post_tag","embeddable":true,"href":"http:\/\/www.noticiasdelparana.com.ar\/NuevaEdicion\/wp-json\/wp\/v2\/tags?post=363259"}],"curies":[{"name":"wp","href":"https:\/\/api.w.org\/{rel}","templated":true}]}}