{"id":363262,"date":"2026-04-29T08:55:17","date_gmt":"2026-04-29T11:55:17","guid":{"rendered":"http:\/\/www.noticiasdelparana.com.ar\/NuevaEdicion\/?p=363262"},"modified":"2026-04-29T08:55:21","modified_gmt":"2026-04-29T11:55:21","slug":"corrientes-juan-pablo-valdes-inauguro-la-nueva-costanera-de-goya-con-una-inversion-millonaria","status":"publish","type":"post","link":"http:\/\/www.noticiasdelparana.com.ar\/NuevaEdicion\/2026\/04\/29\/corrientes-juan-pablo-valdes-inauguro-la-nueva-costanera-de-goya-con-una-inversion-millonaria\/","title":{"rendered":"CORRIENTES: Juan Pablo Vald\u00e9s Inaugur\u00f3 La Nueva Costanera De Goya Con Una Inversi\u00f3n Millonaria"},"content":{"rendered":"\n<p>La nueva costanera de Goya fue inaugurada este martes por la noche, en un acto encabezado por el gobernador Juan Pablo Vald\u00e9s. La obra, financiada en su totalidad por la provincia de Corrientes, se presenta como un eje estrat\u00e9gico para el crecimiento de la ciudad.<\/p>\n\n\n\n<p>La habilitaci\u00f3n se realiz\u00f3 en el marco de la 49\u00b0 Fiesta Nacional del Surub\u00ed, uno de los eventos m\u00e1s convocantes de la regi\u00f3n. Durante el acto, el mandatario destac\u00f3 la magnitud de la inversi\u00f3n y el impacto de la intervenci\u00f3n en la ribera local.<\/p>\n\n\n\n<p>\u201c6.920 millones destin\u00f3 el Gobierno a la restauraci\u00f3n de la costanera\u201d, afirm\u00f3 Vald\u00e9s, al resaltar el esfuerzo econ\u00f3mico destinado a recuperar un espacio emblem\u00e1tico. Adem\u00e1s, expres\u00f3 su v\u00ednculo personal con la ciudad y valor\u00f3 la transformaci\u00f3n del paseo.<\/p>\n\n\n\n<p>Una obra que redefine la ribera<\/p>\n\n\n\n<p>Juan Pablo Vald\u00e9s inaugur\u00f3 la nueva costanera de Goya con una inversi\u00f3n millonaria<\/p>\n\n\n\n<p>El proyecto surgi\u00f3 tras el derrumbe de un sector del paseo en 2022, durante la gesti\u00f3n del entonces gobernador Gustavo Vald\u00e9s. Lo que inicialmente fue una reparaci\u00f3n puntual se convirti\u00f3 en una obra integral de mayor escala.<\/p>\n\n\n\n<p>La nueva infraestructura abarca cerca de 500 metros de extensi\u00f3n y se organiza en dos niveles. El superior ofrece vistas al r\u00edo Paran\u00e1, mientras que el inferior permite un contacto m\u00e1s directo con el entorno natural.<\/p>\n\n\n\n<p>Ambos sectores est\u00e1n conectados mediante terrazas, escalinatas, grader\u00edas y rampas que garantizan accesibilidad. La intervenci\u00f3n incluy\u00f3 adem\u00e1s defensas costeras de hormig\u00f3n, sistemas de desag\u00fce y nueva iluminaci\u00f3n.<\/p>\n\n\n\n<p>Proyecci\u00f3n y servicios<\/p>\n\n\n\n<p>El gobernador anticip\u00f3 la posibilidad de ampliar la obra en una pr\u00f3xima etapa. \u201cAhora queda trabajar en c\u00f3mo vamos a hacer la prolongaci\u00f3n de esta gran obra\u201d, se\u00f1al\u00f3 junto al intendente Mariano Hormaechea.<\/p>\n\n\n\n<p>Juan Pablo Vald\u00e9s inaugur\u00f3 la nueva costanera de Goya con una inversi\u00f3n millonaria<\/p>\n","protected":false},"excerpt":{"rendered":"<p>29-Abr-26 El gobernador encabez\u00f3 la apertura del renovado paseo costero.<\/p>\n","protected":false},"author":4,"featured_media":363269,"comment_status":"closed","ping_status":"closed","sticky":false,"template":"","format":"standard","meta":[],"categories":[139],"tags":[],"_links":{"self":[{"href":"http:\/\/www.noticiasdelparana.com.ar\/NuevaEdicion\/wp-json\/wp\/v2\/posts\/363262"}],"collection":[{"href":"http:\/\/www.noticiasdelparana.com.ar\/NuevaEdicion\/wp-json\/wp\/v2\/posts"}],"about":[{"href":"http:\/\/www.noticiasdelparana.com.ar\/NuevaEdicion\/wp-json\/wp\/v2\/types\/post"}],"author":[{"embeddable":true,"href":"http:\/\/www.noticiasdelparana.com.ar\/NuevaEdicion\/wp-json\/wp\/v2\/users\/4"}],"replies":[{"embeddable":true,"href":"http:\/\/www.noticiasdelparana.com.ar\/NuevaEdicion\/wp-json\/wp\/v2\/comments?post=363262"}],"version-history":[{"count":1,"href":"http:\/\/www.noticiasdelparana.com.ar\/NuevaEdicion\/wp-json\/wp\/v2\/posts\/363262\/revisions"}],"predecessor-version":[{"id":363270,"href":"http:\/\/www.noticiasdelparana.com.ar\/NuevaEdicion\/wp-json\/wp\/v2\/posts\/363262\/revisions\/363270"}],"wp:featuredmedia":[{"embeddable":true,"href":"http:\/\/www.noticiasdelparana.com.ar\/NuevaEdicion\/wp-json\/wp\/v2\/media\/363269"}],"wp:attachment":[{"href":"http:\/\/www.noticiasdelparana.com.ar\/NuevaEdicion\/wp-json\/wp\/v2\/media?parent=363262"}],"wp:term":[{"taxonomy":"category","embeddable":true,"href":"http:\/\/www.noticiasdelparana.com.ar\/NuevaEdicion\/wp-json\/wp\/v2\/categories?post=363262"},{"taxonomy":"post_tag","embeddable":true,"href":"http:\/\/www.noticiasdelparana.com.ar\/NuevaEdicion\/wp-json\/wp\/v2\/tags?post=363262"}],"curies":[{"name":"wp","href":"https:\/\/api.w.org\/{rel}","templated":true}]}}