{"id":363271,"date":"2026-04-29T08:57:34","date_gmt":"2026-04-29T11:57:34","guid":{"rendered":"http:\/\/www.noticiasdelparana.com.ar\/NuevaEdicion\/?p=363271"},"modified":"2026-04-29T08:57:37","modified_gmt":"2026-04-29T11:57:37","slug":"chaco-el-parlasur-rindio-homenaje-al-papa-francisco-con-un-llamado-a-construir-una-geopolitica-de-la-paz","status":"publish","type":"post","link":"http:\/\/www.noticiasdelparana.com.ar\/NuevaEdicion\/2026\/04\/29\/chaco-el-parlasur-rindio-homenaje-al-papa-francisco-con-un-llamado-a-construir-una-geopolitica-de-la-paz\/","title":{"rendered":"CHACO:   El PARLASUR Rindi\u00f3 Homenaje Al Papa Francisco Con Un Llamado A Construir Una Geopol\u00edtica De La Paz"},"content":{"rendered":"\n<p>La actividad reuni\u00f3 a autoridades regionales, legisladores, referentes institucionales y representantes del \u00e1mbito social, pol\u00edtico y religioso, con el objetivo de reflexionar sobre el legado del pont\u00edfice argentino y su impacto en el pensamiento pol\u00edtico contempor\u00e1neo.<\/p>\n\n\n\n<p>Entre los asistentes se destacaron el presidente del PARLASUR, Rodrigo Gamarra; el presidente de la C\u00e1mara de Representantes de Uruguay, Rodrigo Go\u00f1i; el vicario general de la Arquidi\u00f3cesis de Montevideo, Gonzalo Est\u00e9vez, en representaci\u00f3n del arzobispo Daniel Sturla; el diputado argentino y sacerdote Juan Carlos Molina; el diputado nacional Eduardo Vald\u00e9s; y el referente social Gustavo Vera, entre otros.<\/p>\n\n\n\n<p>Durante su intervenci\u00f3n, Bittel destac\u00f3 que el homenaje no deb\u00eda ser un acto meramente protocolar, sino un verdadero llamado a la acci\u00f3n pol\u00edtica y colectiva. En ese sentido, afirm\u00f3 que Francisco \u201cno fue solamente un l\u00edder religioso de dimensi\u00f3n global, sino tambi\u00e9n un constructor del pensamiento pol\u00edtico mundial de la paz\u201d.<\/p>\n\n\n\n<p>El parlamentario subray\u00f3 adem\u00e1s que el mensaje del Papa interpela directamente a las instituciones regionales. \u201cEl PARLASUR debe ser una herramienta para construir paz en Am\u00e9rica del Sur, una paz real, basada en el di\u00e1logo, la integraci\u00f3n y el respeto entre los pueblos\u201d, sostuvo.<\/p>\n\n\n\n<p>En l\u00ednea con el documento presentado, se remarc\u00f3 que la figura de Francisco representa una voz surgida desde el sur del mundo que logr\u00f3 interpelar a escala global, colocando en el centro del debate temas como la desigualdad, la exclusi\u00f3n y la necesidad de una pol\u00edtica con \u00e9tica.<\/p>\n\n\n\n<p>Durante la jornada, los oradores coincidieron en que el legado del Papa trasciende lo religioso y se proyecta como una gu\u00eda para la acci\u00f3n pol\u00edtica en un contexto internacional atravesado por conflictos y desigualdades crecientes.<\/p>\n\n\n\n<p>En ese marco, se destac\u00f3 especialmente su mensaje sobre la paz, entendida no como una simple ausencia de conflicto, sino como una construcci\u00f3n activa basada en la justicia social. \u201cNo hay paz verdadera si se naturaliza la desigualdad\u201d, fue una de las frases retomadas durante el encuentro.<\/p>\n\n\n\n<p>El homenaje tambi\u00e9n puso en valor el rol del MERCOSUR como espacio estrat\u00e9gico para promover una agenda regional basada en la cooperaci\u00f3n, la democracia y la fraternidad entre los pueblos. En ese sentido, se plante\u00f3 la necesidad de fortalecer al PARLASUR como \u00e1mbito pol\u00edtico capaz de canalizar esas demandas.<\/p>\n\n\n\n<p>Asimismo, se destac\u00f3 la dimensi\u00f3n humanista del pensamiento de Francisco, quien promovi\u00f3 una \u201ccultura del encuentro\u201d frente a los discursos de odio y las divisiones. En palabras de Bittel, \u201cla verdadera fortaleza de los pueblos est\u00e1 en su capacidad de construir comunidad\u201d.<\/p>\n\n\n\n<p>La sesi\u00f3n dej\u00f3 como eje central un mensaje claro: el legado de Francisco no debe limitarse a la memoria, sino traducirse en acciones concretas. \u201cNo se trata solo de homenajearlo, sino de continuarlo\u201d, se expres\u00f3 durante el encuentro.<\/p>\n\n\n\n<p>Este homenaje reafirma el compromiso del PARLASUR con la construcci\u00f3n de una regi\u00f3n m\u00e1s integrada, justa y pac\u00edfica, tomando como referencia el pensamiento de quien supo proyectar desde Am\u00e9rica Latina una voz universal en defensa de la dignidad humana.<\/p>\n","protected":false},"excerpt":{"rendered":"<p>29-Abr-26  En una sesi\u00f3n especial realizada en Montevideo, el Parlamento del MERCOSUR (PARLASUR) llev\u00f3 adelante un homenaje al Papa Francisco bajo el lema \u201cFrancisco, el Papa de la Paz: hacia una geopol\u00edtica de la paz en el Mercosur\u201d, una iniciativa impulsada por el parlamentario chaque\u00f1o Ra\u00fal Bittel.<\/p>\n","protected":false},"author":3,"featured_media":363275,"comment_status":"closed","ping_status":"closed","sticky":false,"template":"","format":"standard","meta":[],"categories":[98],"tags":[],"_links":{"self":[{"href":"http:\/\/www.noticiasdelparana.com.ar\/NuevaEdicion\/wp-json\/wp\/v2\/posts\/363271"}],"collection":[{"href":"http:\/\/www.noticiasdelparana.com.ar\/NuevaEdicion\/wp-json\/wp\/v2\/posts"}],"about":[{"href":"http:\/\/www.noticiasdelparana.com.ar\/NuevaEdicion\/wp-json\/wp\/v2\/types\/post"}],"author":[{"embeddable":true,"href":"http:\/\/www.noticiasdelparana.com.ar\/NuevaEdicion\/wp-json\/wp\/v2\/users\/3"}],"replies":[{"embeddable":true,"href":"http:\/\/www.noticiasdelparana.com.ar\/NuevaEdicion\/wp-json\/wp\/v2\/comments?post=363271"}],"version-history":[{"count":1,"href":"http:\/\/www.noticiasdelparana.com.ar\/NuevaEdicion\/wp-json\/wp\/v2\/posts\/363271\/revisions"}],"predecessor-version":[{"id":363276,"href":"http:\/\/www.noticiasdelparana.com.ar\/NuevaEdicion\/wp-json\/wp\/v2\/posts\/363271\/revisions\/363276"}],"wp:featuredmedia":[{"embeddable":true,"href":"http:\/\/www.noticiasdelparana.com.ar\/NuevaEdicion\/wp-json\/wp\/v2\/media\/363275"}],"wp:attachment":[{"href":"http:\/\/www.noticiasdelparana.com.ar\/NuevaEdicion\/wp-json\/wp\/v2\/media?parent=363271"}],"wp:term":[{"taxonomy":"category","embeddable":true,"href":"http:\/\/www.noticiasdelparana.com.ar\/NuevaEdicion\/wp-json\/wp\/v2\/categories?post=363271"},{"taxonomy":"post_tag","embeddable":true,"href":"http:\/\/www.noticiasdelparana.com.ar\/NuevaEdicion\/wp-json\/wp\/v2\/tags?post=363271"}],"curies":[{"name":"wp","href":"https:\/\/api.w.org\/{rel}","templated":true}]}}