{"id":363272,"date":"2026-04-29T08:57:06","date_gmt":"2026-04-29T11:57:06","guid":{"rendered":"http:\/\/www.noticiasdelparana.com.ar\/NuevaEdicion\/?p=363272"},"modified":"2026-04-29T08:57:09","modified_gmt":"2026-04-29T11:57:09","slug":"corrientes-choque-y-vuelco-de-un-vehiculo-en-pleno-centro","status":"publish","type":"post","link":"http:\/\/www.noticiasdelparana.com.ar\/NuevaEdicion\/2026\/04\/29\/corrientes-choque-y-vuelco-de-un-vehiculo-en-pleno-centro\/","title":{"rendered":"CORRIENTES: Choque Y Vuelco De Un Veh\u00edculo En Pleno Centro"},"content":{"rendered":"\n<p>Un inusual siniestro vial ocurri\u00f3 la ma\u00f1ana de este mi\u00e9rcoles en pleno microcentro de la ciudad Capital. El hecho ocurri\u00f3 sobre la calle 9 de Julio, entre San Luis y Tucum\u00e1n, a metros del ingreso al Instituto de la Misericordia.<\/p>\n\n\n\n<p>El incidente fue protagonizado por dos veh\u00edculos, un Ford Ka&nbsp; y un Chevrolet Prisma que prestaba servicio de transporte a trav\u00e9s de la plataforma de transporte.<\/p>\n\n\n\n<p>El choque a mitad de la mencionda cuadra, lo que provoc\u00f3 el vuelco de uno de los veh\u00edculos.<\/p>\n\n\n\n<p>Heridos y asistencia m\u00e9dica<\/p>\n\n\n\n<p>Pese a lo llamativo del vuelco, no se registraron v\u00edctimas fatales. La \u00fanica persona asistida fue una mujer que viajaba como pasajera de la aplicaci\u00f3n Uber.<\/p>\n\n\n\n<p>Tanto el chofer como su pasajera resultaron ilesos, as\u00ed como el conductor del otro veh\u00edculo.<\/p>\n\n\n\n<p>Retraso en el tr\u00e1nsito y operativo<\/p>\n\n\n\n<p>Debido a que el Chevrolet Prisma qued\u00f3 completamente dado vuelta obstruyendo la calzada, el tr\u00e1nsito fue cortado totalmente sobre calle 9 de Julio.<\/p>\n\n\n\n<p>Se pide a los conductores que eviten la zona para evitar demoras, adem\u00e1s el incidente coincidi\u00f3 con el horario de ingreso escolar.<\/p>\n","protected":false},"excerpt":{"rendered":"<p>29-Abr-26  El hecho ocurri\u00f3 sobre la calle 9 de Julio, entre San Luis y Tucum\u00e1n, provocando caos vehicular en la zona. No se registraron v\u00edctimas, solo da\u00f1o material.<\/p>\n","protected":false},"author":4,"featured_media":363264,"comment_status":"closed","ping_status":"closed","sticky":false,"template":"","format":"standard","meta":[],"categories":[139],"tags":[],"_links":{"self":[{"href":"http:\/\/www.noticiasdelparana.com.ar\/NuevaEdicion\/wp-json\/wp\/v2\/posts\/363272"}],"collection":[{"href":"http:\/\/www.noticiasdelparana.com.ar\/NuevaEdicion\/wp-json\/wp\/v2\/posts"}],"about":[{"href":"http:\/\/www.noticiasdelparana.com.ar\/NuevaEdicion\/wp-json\/wp\/v2\/types\/post"}],"author":[{"embeddable":true,"href":"http:\/\/www.noticiasdelparana.com.ar\/NuevaEdicion\/wp-json\/wp\/v2\/users\/4"}],"replies":[{"embeddable":true,"href":"http:\/\/www.noticiasdelparana.com.ar\/NuevaEdicion\/wp-json\/wp\/v2\/comments?post=363272"}],"version-history":[{"count":1,"href":"http:\/\/www.noticiasdelparana.com.ar\/NuevaEdicion\/wp-json\/wp\/v2\/posts\/363272\/revisions"}],"predecessor-version":[{"id":363273,"href":"http:\/\/www.noticiasdelparana.com.ar\/NuevaEdicion\/wp-json\/wp\/v2\/posts\/363272\/revisions\/363273"}],"wp:featuredmedia":[{"embeddable":true,"href":"http:\/\/www.noticiasdelparana.com.ar\/NuevaEdicion\/wp-json\/wp\/v2\/media\/363264"}],"wp:attachment":[{"href":"http:\/\/www.noticiasdelparana.com.ar\/NuevaEdicion\/wp-json\/wp\/v2\/media?parent=363272"}],"wp:term":[{"taxonomy":"category","embeddable":true,"href":"http:\/\/www.noticiasdelparana.com.ar\/NuevaEdicion\/wp-json\/wp\/v2\/categories?post=363272"},{"taxonomy":"post_tag","embeddable":true,"href":"http:\/\/www.noticiasdelparana.com.ar\/NuevaEdicion\/wp-json\/wp\/v2\/tags?post=363272"}],"curies":[{"name":"wp","href":"https:\/\/api.w.org\/{rel}","templated":true}]}}