{"id":363274,"date":"2026-04-29T08:59:06","date_gmt":"2026-04-29T11:59:06","guid":{"rendered":"http:\/\/www.noticiasdelparana.com.ar\/NuevaEdicion\/?p=363274"},"modified":"2026-04-29T08:59:09","modified_gmt":"2026-04-29T11:59:09","slug":"corrientes-condenaron-a-un-militar-por-tenencia-de-marihuana-en-monte-caseros","status":"publish","type":"post","link":"http:\/\/www.noticiasdelparana.com.ar\/NuevaEdicion\/2026\/04\/29\/corrientes-condenaron-a-un-militar-por-tenencia-de-marihuana-en-monte-caseros\/","title":{"rendered":"CORRIENTES: Condenaron A Un Militar Por Tenencia De Marihuana En Monte Caseros"},"content":{"rendered":"\n<p>Un militar que se desempe\u00f1aba en un regimiento del interior de la provincia de Corrientes fue condenado este martes a dos a\u00f1os de prisi\u00f3n por tenencia de estupefacientes, informaron fuentes judiciales.<\/p>\n\n\n\n<p>Diego Sebasti\u00e1n Molina, de 29 a\u00f1os de edad, fue condenado en las \u00faltimas horas a la pena de dos a\u00f1os de prisi\u00f3n de ejecuci\u00f3n condicional en el Tribunal Oral Federal de Corrientes, constituido en forma unipersonal por el juez Sim\u00f3n Bracco, con la actuaci\u00f3n de los fiscales Carlos Schaefer y Tamara Pourcel y del defensor oficial Enzo Di Tella.<\/p>\n\n\n\n<p>Le endilgaron tenencia simple de estupefacientes, luego de hallar pruebas mediante una investigaci\u00f3n que concluy\u00f3 con un allanamiento el 11 de julio de 2024 en su domicilio de Monte Caseros.<\/p>\n\n\n\n<p>En esa ciudad se desempe\u00f1aba en el Regimiento de Infanter\u00eda de Monte 4 del Ej\u00e9rcito Argentino, de donde fue dado de baja luego del procedimiento en el que hallaron la droga.<\/p>\n\n\n\n<p>La investigaci\u00f3n hab\u00eda iniciado en enero de ese a\u00f1o, seg\u00fan consta en la sentencia, por comercializaci\u00f3n de drogas, al menos hasta julio de 2024, cuando se produjo el operativo en su casa.<\/p>\n\n\n\n<p>De hecho, Molina lleg\u00f3 al Tribunal requerido por comercializaci\u00f3n y tenencia a esos fines, sobre la base de las constancias recolectadas por el Ministerio P\u00fablico Fiscal y el Juzgado con jurisdicci\u00f3n en esa zona.<\/p>\n\n\n\n<p>Le hab\u00edan encontrado 225 gramos de cannabis y en su declaraci\u00f3n, Molina admiti\u00f3 ser adicto y consumir esa sustancia.<\/p>\n\n\n\n<p>El caso dio un giro. Las autoridades comprobaron que el imputado no registraba antecedentes penales y que no se hallaron evidencias de que haya sido parte de un eslab\u00f3n propio de la cadena de tr\u00e1fico de drogas.<\/p>\n\n\n\n<p>Y asimismo, que todo lo hab\u00eda hecho de propia mano, con pleno dominio del hecho.<\/p>\n\n\n\n<p>Sobre esa base se arrib\u00f3 a un acuerdo de juicio abreviado en el que se sell\u00f3 la sentencia, que incluye el cumplimiento de una serie de pautas de conducta.<\/p>\n","protected":false},"excerpt":{"rendered":"<p>29-Abr-26 Lo siguieron durante varios meses hasta hallar pruebas en su domicilio, pero el caso dio un giro.<\/p>\n","protected":false},"author":4,"featured_media":363265,"comment_status":"closed","ping_status":"closed","sticky":false,"template":"","format":"standard","meta":[],"categories":[139],"tags":[],"_links":{"self":[{"href":"http:\/\/www.noticiasdelparana.com.ar\/NuevaEdicion\/wp-json\/wp\/v2\/posts\/363274"}],"collection":[{"href":"http:\/\/www.noticiasdelparana.com.ar\/NuevaEdicion\/wp-json\/wp\/v2\/posts"}],"about":[{"href":"http:\/\/www.noticiasdelparana.com.ar\/NuevaEdicion\/wp-json\/wp\/v2\/types\/post"}],"author":[{"embeddable":true,"href":"http:\/\/www.noticiasdelparana.com.ar\/NuevaEdicion\/wp-json\/wp\/v2\/users\/4"}],"replies":[{"embeddable":true,"href":"http:\/\/www.noticiasdelparana.com.ar\/NuevaEdicion\/wp-json\/wp\/v2\/comments?post=363274"}],"version-history":[{"count":1,"href":"http:\/\/www.noticiasdelparana.com.ar\/NuevaEdicion\/wp-json\/wp\/v2\/posts\/363274\/revisions"}],"predecessor-version":[{"id":363277,"href":"http:\/\/www.noticiasdelparana.com.ar\/NuevaEdicion\/wp-json\/wp\/v2\/posts\/363274\/revisions\/363277"}],"wp:featuredmedia":[{"embeddable":true,"href":"http:\/\/www.noticiasdelparana.com.ar\/NuevaEdicion\/wp-json\/wp\/v2\/media\/363265"}],"wp:attachment":[{"href":"http:\/\/www.noticiasdelparana.com.ar\/NuevaEdicion\/wp-json\/wp\/v2\/media?parent=363274"}],"wp:term":[{"taxonomy":"category","embeddable":true,"href":"http:\/\/www.noticiasdelparana.com.ar\/NuevaEdicion\/wp-json\/wp\/v2\/categories?post=363274"},{"taxonomy":"post_tag","embeddable":true,"href":"http:\/\/www.noticiasdelparana.com.ar\/NuevaEdicion\/wp-json\/wp\/v2\/tags?post=363274"}],"curies":[{"name":"wp","href":"https:\/\/api.w.org\/{rel}","templated":true}]}}