{"id":363295,"date":"2026-04-29T10:01:59","date_gmt":"2026-04-29T13:01:59","guid":{"rendered":"http:\/\/www.noticiasdelparana.com.ar\/NuevaEdicion\/?p=363295"},"modified":"2026-04-29T10:02:03","modified_gmt":"2026-04-29T13:02:03","slug":"corrientes-la-unne-colaborara-con-municipios-para-desarrollar-el-corredor-turistico-y-cultural-nande-rio","status":"publish","type":"post","link":"http:\/\/www.noticiasdelparana.com.ar\/NuevaEdicion\/2026\/04\/29\/corrientes-la-unne-colaborara-con-municipios-para-desarrollar-el-corredor-turistico-y-cultural-nande-rio\/","title":{"rendered":"CORRIENTES: La UNNE Colaborar\u00e1 Con Municipios Para Desarrollar El  Corredor  Tur\u00edstico y Cultural \u201c\u00d1ande R\u00edo\u201d"},"content":{"rendered":"\n<p><em> El objetivo consiste en colaborar en el desarrollo del proyecto \u201c\u00d1ande R\u00edo\u201d orientado a generar un corredor tur\u00edstico y cultural del r\u00edo Paran\u00e1, iniciativa en la que tambi\u00e9n participa la comuna de Derqui.<\/em><\/p>\n\n\n\n<p>El<strong>&nbsp;proyecto \u201c\u00d1ande R\u00edo\u201d (Nuestro R\u00edo)<\/strong>&nbsp;es una propuesta de municipios ribere\u00f1os del noroeste de la provincia de Corrientes para trabajar de manera articulada en una estrategia de desarrollo regional a trav\u00e9s de la conformaci\u00f3n de un corredor tur\u00edstico y cultural.<\/p>\n\n\n\n<p>La iniciativa es desarrollada por los municipios Riachuelo, Derqui, El Sombrero, Empedrado y San Lorenzo, comunas ubicadas entre la Ruta Nacional N\u00b012 y el r\u00edo Paran\u00e1.<\/p>\n\n\n\n<p>Los ejes principales del proyecto son el aprovechamiento del recurso natural del r\u00edo Paran\u00e1, arroyos, riachos, barrancas, la infraestructura del ferrocarril hist\u00f3rico, y los eventos culturales que se desarrollan en las comunas, entre otras estrategias.<\/p>\n\n\n\n<div class=\"wp-block-image\"><figure class=\"aligncenter\"><a href=\"https:\/\/medios.unne.edu.ar\/wp-content\/uploads\/Corredor-Nande-Rio.jpeg\"><img src=\"https:\/\/medios.unne.edu.ar\/wp-content\/uploads\/Corredor-Nande-Rio.jpeg\" alt=\"\" class=\"wp-image-45048\"\/><\/a><\/figure><\/div>\n\n\n\n<p>La Facultad de Arquitectura y Urbanismo de la UNNE ven\u00eda colaborando a trav\u00e9s de distintas acciones en el proyecto de Corredor Tur\u00edstico y Cultural \u00d1ande R\u00edo, por lo que se resolvi\u00f3 formalizar la participaci\u00f3n de la Facultad en la iniciativa intermunicipal.<\/p>\n\n\n\n<p>Con ese fin, este martes se concret\u00f3 la firma de un Acuerdo de Trabajo entre la FAU-UNNE y autoridades de los municipios de San Lorenzo, Empedrado, El Sombrero y Riachuelo, en tanto que la facultad ya tiene un acuerdo de trabajo formalizado el a\u00f1o pasado con el municipio de Derqui.<\/p>\n\n\n\n<p>El objetivo del acuerdo es&nbsp;<strong>consolidar el proyecto \u201c\u00d1ande R\u00edo\u201d mediante la articulaci\u00f3n estrat\u00e9gica entre los municipios y la Universidad<\/strong>&nbsp;para promover el desarrollo regional a partir de la puesta en valor del patrimonio ferroviario y ribere\u00f1o, el fortalecimiento de la identidad local, y la planificaci\u00f3n participativa que impulsen nuevas oportunidades educativas, culturales y tur\u00edsticas.<\/p>\n\n\n\n<p>La firma del Acuerdo de Trabajo se llev\u00f3 a cabo en la sede de la FAU-UNNE, y cont\u00f3 con la participaci\u00f3n del Decano,&nbsp;<strong>Dr. Arq. Miguel Barreto<\/strong>; y las autoridades de El Sombrero,&nbsp;<strong>Araceli Aponte<\/strong>; Empedrado,&nbsp;<strong>Fernando Echeverr\u00eda<\/strong>; San Lorenzo,&nbsp;<strong>Mat\u00edas Acevedo<\/strong>, Riachuelo,&nbsp;<strong>Nicolas Tejo<\/strong>; y el interventor de Derqui,&nbsp;<strong>Fabi\u00e1n Guti\u00e9rrez<\/strong>.<\/p>\n\n\n\n<figure class=\"wp-block-image\" id=\"attachment_45046\"><a href=\"https:\/\/medios.unne.edu.ar\/wp-content\/uploads\/Nande-rio-1--scaled.jpg\"><img src=\"https:\/\/medios.unne.edu.ar\/wp-content\/uploads\/Nande-rio-1--scaled.jpg\" alt=\"\" class=\"wp-image-45046\"\/><\/a><figcaption>Las autoridades de Riachuelo, Derqui, El Sombrero, San Lorenzo y Empedrado.<\/figcaption><\/figure>\n\n\n\n<p>Tambi\u00e9n estuvieron presentes la<strong>&nbsp;Mg. Arq. Bernabela Pelli<\/strong>, Secretaria de Extensi\u00f3n y Transferencia de la FAU-UNNE, el&nbsp;<strong>Arq. Mario Maciel<\/strong>, coordinador del equipo de trabajo del proyecto \u00d1ande R\u00edo y docente de la C\u00e1tedra \u201cMorfolog\u00eda I\u201d de la carrera de Dise\u00f1o Industrial, y dem\u00e1s autoridades de la facultad.<\/p>\n\n\n\n<p><strong>Detalles del Acuerdo<\/strong><\/p>\n\n\n\n<p><em>\u201cEl objetivo desde la Facultad es involucrar las capacidades acad\u00e9micas, cient\u00edficas y de extensi\u00f3n para generar espacios de trabajo con cada comuna y como regi\u00f3n, que permitan identificar acciones viables para consolidarla zona como corredor de turismo y cultura\u201d,<\/em>&nbsp;se\u00f1al\u00f3 el Arq. Maciel respecto al acuerdo firmado.<\/p>\n\n\n\n<p>Resalt\u00f3 que l<strong>os municipios participantes reconocen el aporte que la Universidad puede realizar<\/strong>&nbsp;para afianzar el objetivo com\u00fan de crear oportunidades de crecimiento por medio de estrategias a nivel de regi\u00f3n.<\/p>\n\n\n\n<p>Explic\u00f3 que se proyecta un trabajo interdisciplinario con participaci\u00f3n de docentes, investigadores y estudiantes de las carreras de Arquitectura, Dise\u00f1o Gr\u00e1fico y Dise\u00f1o Industrial, promoviendo un trabajo interdisciplinario y en directa relaci\u00f3n con el territorio y los actores sociales.<\/p>\n\n\n\n<p>As\u00ed, por ejemplo, desde la carrera de Arquitectura se prev\u00e9 aportar a la elaboraci\u00f3n y puesta en ejecuci\u00f3n de planes urbanos, proyectos arquitect\u00f3nicos y una visi\u00f3n paisaj\u00edstica, la carrera de Dise\u00f1o Gr\u00e1fico contribuir\u00e1 en el desarrollo de estrategias de identidad visual, fotograf\u00eda y comunicaci\u00f3n, mientras que desde la carrera de Dise\u00f1o Industrial se proyecta el desarrollo de propuestas de mobiliario urbano, en especial con estrategias para el aprovechamiento de las estaciones de ferrocarril existentes en las distintas comunas.<\/p>\n\n\n\n<div class=\"wp-block-image\"><figure class=\"aligncenter\"><a href=\"https:\/\/medios.unne.edu.ar\/wp-content\/uploads\/Corredor-Nande-Rio-5.jpeg\"><img src=\"https:\/\/medios.unne.edu.ar\/wp-content\/uploads\/Corredor-Nande-Rio-5.jpeg\" alt=\"\" class=\"wp-image-45050\"\/><\/a><\/figure><\/div>\n\n\n\n<p><em>\u201cCreemos que la participaci\u00f3n activa de la Universidad, con su presencia en el territorio, es fundamental para darle fuerza y car\u00e1cter a la iniciativa del corredor tur\u00edstico y cultural vinculado al r\u00edo Paran\u00e1\u201d<\/em>, remarc\u00f3 el Arq. Maciel.<\/p>\n\n\n\n<p>En esa l\u00ednea, explic\u00f3 que para la propuesta de corredor tur\u00edstico y cultural \u201c\u00d1ande R\u00edo\u201d se tom\u00f3 como base el proyecto Iber\u00e1, ya consolidado en el norte argentino, con una metodolog\u00eda de trabajo que se busca replicar en la iniciativa encabezada por las comunas de Riachuelo, Derqui, El Sombrero, Empedrado y San Lorenzo, y en la que colabora la UNNE.<\/p>\n\n\n\n<p>Destac\u00f3 que cada una de las comunas que forman parte del proyecto cuentan con atractivos tur\u00edsticos, culturales e hist\u00f3ricos de inter\u00e9s, pero que pueden ser mejor aprovechados si se integran en un corredor regional, complementados adem\u00e1s con obras de infraestructura que posibiliten un mejor acceso a los mismos por parte de potenciales visitantes.<\/p>\n\n\n\n<p>Al respecto, reiter\u00f3 que \u201cla Facultad de Arquitectura y Urbanismo de la UNNE tiene las herramientas necesarias, en recursos humanos, para llevar adelante estrategias que contribuyan al desarrollo del corredor \u00d1ande R\u00edo\u201d.<\/p>\n\n\n\n<blockquote class=\"wp-block-quote\"><p>El objetivo es consolidar el proyecto \u201c\u00d1ande R\u00edo\u201d mediante la articulaci\u00f3n estrat\u00e9gica entre los municipios y la Universidad<\/p><\/blockquote>\n\n\n\n<p><strong>Trabajo conjunto<\/strong><\/p>\n\n\n\n<p>En di\u00e1logo con UNNE Medios, el intendente de Empedrado, Fernando Echeverr\u00eda, destac\u00f3 el aporte que podr\u00e1 realizar la Universidad al proyecto \u00d1ande R\u00edo, con recursos profesionales calificados, y en particular mencion\u00f3 la importancia del acuerdo para el desarrollo de la ciudad que gobierna, que est\u00e1 celebrando los 200 a\u00f1os de fundaci\u00f3n.<\/p>\n\n\n\n<p>Indic\u00f3 que el trabajo con la FAU-UNNE a Empedrado le permitir\u00e1 la concreci\u00f3n de un relevamiento integral de su territorio, que contribuya a generar la planificaci\u00f3n de la ciudad a 50 a\u00f1os.<\/p>\n\n\n\n<p>Por su parte, el intendente de Riachuelo, Nicol\u00e1s Tejo, mencion\u00f3 que como parte del acuerdo con la Facultad se proyecta la realizaci\u00f3n de pr\u00e1cticas profesionales en los municipios del corredor \u00d1ande R\u00edo, trabajos que posibilitar\u00e1n identificar estrategias para el desarrollo y crecimiento de forma planificada.<\/p>\n\n\n\n<p>En tanto, el interventor del Municipio de Manuel Derqui, Fabi\u00e1n Guti\u00e9rrez, record\u00f3 que los cinco municipios vienen trabajando de manera conjunta, y el asesoramiento desde la Universidad ser\u00e1 clave para afianzar los objetivos en los que se trabaja a nivel de regi\u00f3n, as\u00ed como a nivel de cada comuna.<\/p>\n\n\n\n<p>Sostuvo que los municipios que integran el corredor tienen una especial mirada hacia el turismo como herramienta de transformaci\u00f3n, y en ese sentido consideran que sumar a la Universidad contribuir\u00e1 a un mejor aprovechamiento del gran potencial que tienen como regi\u00f3n.<\/p>\n\n\n\n<div class=\"wp-block-image\"><figure class=\"aligncenter\"><a href=\"https:\/\/medios.unne.edu.ar\/wp-content\/uploads\/nanderio-.jpg\"><img src=\"https:\/\/medios.unne.edu.ar\/wp-content\/uploads\/nanderio-.jpg\" alt=\"\" class=\"wp-image-45047\"\/><\/a><\/figure><\/div>\n\n\n\n<p><strong>Contribuci\u00f3n en territorio<\/strong><\/p>\n\n\n\n<p>Por su parte, la Mg. Arq. Bernabela Pelli, Secretaria de Extensi\u00f3n y Transferencia de la FAU-UNNE, destac\u00f3 la importancia de los acuerdos de trabajo firmados con las comunas porque formalizan la voluntad de colaboraci\u00f3n entre la Facultad y las comunas y se transforman en una gu\u00eda para orientar la concreci\u00f3n de las acciones previstas.<\/p>\n\n\n\n<p>Record\u00f3 que&nbsp;<strong>la Facultad viene trabajando en forma conjunta con distintos municipios de las provincias de Corrientes y Chaco<\/strong>, y en este caso se suma el desaf\u00edo de trabajar a nivel de \u201cregi\u00f3n\u201d, articulando con cinco municipios que se han puesto como meta el desarrollo de sus territorios a trav\u00e9s de estrategias conjuntas, por medio del aprovechamiento tur\u00edstico y cultural.<\/p>\n\n\n\n<p>En ese sentido, coment\u00f3 que el jue ves pasado se firm\u00f3 un acuerdo de trabajo con el Ministerio de Obras y Servicios P\u00fablicos de la Provincia de Corrientes para la realizaci\u00f3n de actividades conjuntas en beneficio de los municipios del interior provincial.<\/p>\n","protected":false},"excerpt":{"rendered":"<p>29-Abr-26 La Facultad de Arquitectura y Urbanismo de la UNNE firm\u00f3 una serie de acuerdos de trabajo con los municipios de Riachuelo, El Sombrero, Empedrado y San Lorenzo.<\/p>\n","protected":false},"author":3,"featured_media":363296,"comment_status":"closed","ping_status":"closed","sticky":false,"template":"","format":"standard","meta":[],"categories":[139],"tags":[],"_links":{"self":[{"href":"http:\/\/www.noticiasdelparana.com.ar\/NuevaEdicion\/wp-json\/wp\/v2\/posts\/363295"}],"collection":[{"href":"http:\/\/www.noticiasdelparana.com.ar\/NuevaEdicion\/wp-json\/wp\/v2\/posts"}],"about":[{"href":"http:\/\/www.noticiasdelparana.com.ar\/NuevaEdicion\/wp-json\/wp\/v2\/types\/post"}],"author":[{"embeddable":true,"href":"http:\/\/www.noticiasdelparana.com.ar\/NuevaEdicion\/wp-json\/wp\/v2\/users\/3"}],"replies":[{"embeddable":true,"href":"http:\/\/www.noticiasdelparana.com.ar\/NuevaEdicion\/wp-json\/wp\/v2\/comments?post=363295"}],"version-history":[{"count":1,"href":"http:\/\/www.noticiasdelparana.com.ar\/NuevaEdicion\/wp-json\/wp\/v2\/posts\/363295\/revisions"}],"predecessor-version":[{"id":363297,"href":"http:\/\/www.noticiasdelparana.com.ar\/NuevaEdicion\/wp-json\/wp\/v2\/posts\/363295\/revisions\/363297"}],"wp:featuredmedia":[{"embeddable":true,"href":"http:\/\/www.noticiasdelparana.com.ar\/NuevaEdicion\/wp-json\/wp\/v2\/media\/363296"}],"wp:attachment":[{"href":"http:\/\/www.noticiasdelparana.com.ar\/NuevaEdicion\/wp-json\/wp\/v2\/media?parent=363295"}],"wp:term":[{"taxonomy":"category","embeddable":true,"href":"http:\/\/www.noticiasdelparana.com.ar\/NuevaEdicion\/wp-json\/wp\/v2\/categories?post=363295"},{"taxonomy":"post_tag","embeddable":true,"href":"http:\/\/www.noticiasdelparana.com.ar\/NuevaEdicion\/wp-json\/wp\/v2\/tags?post=363295"}],"curies":[{"name":"wp","href":"https:\/\/api.w.org\/{rel}","templated":true}]}}