{"id":363298,"date":"2026-04-29T10:17:10","date_gmt":"2026-04-29T13:17:10","guid":{"rendered":"http:\/\/www.noticiasdelparana.com.ar\/NuevaEdicion\/?p=363298"},"modified":"2026-04-29T10:17:13","modified_gmt":"2026-04-29T13:17:13","slug":"corrientes-violento-choque-en-la-ruta-provincial-n-5-tres-vehiculos-involucrados","status":"publish","type":"post","link":"http:\/\/www.noticiasdelparana.com.ar\/NuevaEdicion\/2026\/04\/29\/corrientes-violento-choque-en-la-ruta-provincial-n-5-tres-vehiculos-involucrados\/","title":{"rendered":"CORRIENTES: Violento Choque En La Ruta Provincial N\u00b0 5: Tres Veh\u00edculos Involucrados"},"content":{"rendered":"\n<p>De acuerdo a testimonios recogidos en el lugar, el hecho se produjo cuando un autom\u00f3vil intent\u00f3 adelantarse a un cami\u00f3n justo en el momento en que el sem\u00e1foro cambi\u00f3 a rojo. Al frenar de manera repentina, el rodado menor fue impactado y arrastrado por el cami\u00f3n.<\/p>\n\n\n\n<p>Como consecuencia de la maniobra, ambos veh\u00edculos terminaron colisionando contra una camioneta que se encontraba detenida, aguardando la se\u00f1al del sem\u00e1foro.<\/p>\n\n\n\n<p>A pesar de la violencia del impacto, el episodio dej\u00f3 \u00fanicamente da\u00f1os materiales. Las autoridades intervinieron para ordenar el tr\u00e1nsito y determinar las circunstancias del hecho.<\/p>\n","protected":false},"excerpt":{"rendered":"<p>29-Abr-26 Un siniestro vial se registr\u00f3 sobre la Ruta Provincial N\u00b0 5 y tuvo como protagonistas a tres veh\u00edculos, aunque afortunadamente no se reportaron personas lesionadas.<\/p>\n","protected":false},"author":3,"featured_media":363299,"comment_status":"closed","ping_status":"closed","sticky":false,"template":"","format":"standard","meta":[],"categories":[139],"tags":[],"_links":{"self":[{"href":"http:\/\/www.noticiasdelparana.com.ar\/NuevaEdicion\/wp-json\/wp\/v2\/posts\/363298"}],"collection":[{"href":"http:\/\/www.noticiasdelparana.com.ar\/NuevaEdicion\/wp-json\/wp\/v2\/posts"}],"about":[{"href":"http:\/\/www.noticiasdelparana.com.ar\/NuevaEdicion\/wp-json\/wp\/v2\/types\/post"}],"author":[{"embeddable":true,"href":"http:\/\/www.noticiasdelparana.com.ar\/NuevaEdicion\/wp-json\/wp\/v2\/users\/3"}],"replies":[{"embeddable":true,"href":"http:\/\/www.noticiasdelparana.com.ar\/NuevaEdicion\/wp-json\/wp\/v2\/comments?post=363298"}],"version-history":[{"count":1,"href":"http:\/\/www.noticiasdelparana.com.ar\/NuevaEdicion\/wp-json\/wp\/v2\/posts\/363298\/revisions"}],"predecessor-version":[{"id":363300,"href":"http:\/\/www.noticiasdelparana.com.ar\/NuevaEdicion\/wp-json\/wp\/v2\/posts\/363298\/revisions\/363300"}],"wp:featuredmedia":[{"embeddable":true,"href":"http:\/\/www.noticiasdelparana.com.ar\/NuevaEdicion\/wp-json\/wp\/v2\/media\/363299"}],"wp:attachment":[{"href":"http:\/\/www.noticiasdelparana.com.ar\/NuevaEdicion\/wp-json\/wp\/v2\/media?parent=363298"}],"wp:term":[{"taxonomy":"category","embeddable":true,"href":"http:\/\/www.noticiasdelparana.com.ar\/NuevaEdicion\/wp-json\/wp\/v2\/categories?post=363298"},{"taxonomy":"post_tag","embeddable":true,"href":"http:\/\/www.noticiasdelparana.com.ar\/NuevaEdicion\/wp-json\/wp\/v2\/tags?post=363298"}],"curies":[{"name":"wp","href":"https:\/\/api.w.org\/{rel}","templated":true}]}}