{"id":363304,"date":"2026-04-29T11:21:04","date_gmt":"2026-04-29T14:21:04","guid":{"rendered":"http:\/\/www.noticiasdelparana.com.ar\/NuevaEdicion\/?p=363304"},"modified":"2026-04-29T11:21:09","modified_gmt":"2026-04-29T14:21:09","slug":"barranqueras-realizaron-un-operativo-de-transito-para-reforzar-la-seguridad-vial","status":"publish","type":"post","link":"http:\/\/www.noticiasdelparana.com.ar\/NuevaEdicion\/2026\/04\/29\/barranqueras-realizaron-un-operativo-de-transito-para-reforzar-la-seguridad-vial\/","title":{"rendered":"BARRANQUERAS: Realizaron Un Operativo De Tr\u00e1nsito Para Reforzar La Seguridad Vial"},"content":{"rendered":"\n<p>El procedimiento fue ejecutado a trav\u00e9s de la Direcci\u00f3n de Tr\u00e1nsito, en conjunto con la Guardia Urbana Municipal y la Polic\u00eda Caminera, quienes desplegaron controles sobre los veh\u00edculos que transitaban por el sector.<\/p>\n\n\n\n<p>Durante el operativo, se hizo especial hincapi\u00e9 en el uso correcto de las luces reglamentarias, adem\u00e1s de tareas de concientizaci\u00f3n orientadas a fomentar una conducci\u00f3n responsable entre los conductores.<\/p>\n\n\n\n<p>Desde el municipio destacaron que estas acciones forman parte de una pol\u00edtica sostenida de prevenci\u00f3n, que busca reducir riesgos en la v\u00eda p\u00fablica y garantizar mayor seguridad para todos los vecinos.<\/p>\n","protected":false},"excerpt":{"rendered":"<p>29-Abr-26    La Municipalidad de Barranqueras llev\u00f3 adelante un nuevo operativo de control vehicular en la intersecci\u00f3n de avenida 9 de Julio y Tatan\u00e9, con el objetivo de fortalecer la seguridad vial y mejorar la circulaci\u00f3n en la zona.<\/p>\n","protected":false},"author":3,"featured_media":363305,"comment_status":"closed","ping_status":"closed","sticky":false,"template":"","format":"standard","meta":[],"categories":[99,108],"tags":[],"_links":{"self":[{"href":"http:\/\/www.noticiasdelparana.com.ar\/NuevaEdicion\/wp-json\/wp\/v2\/posts\/363304"}],"collection":[{"href":"http:\/\/www.noticiasdelparana.com.ar\/NuevaEdicion\/wp-json\/wp\/v2\/posts"}],"about":[{"href":"http:\/\/www.noticiasdelparana.com.ar\/NuevaEdicion\/wp-json\/wp\/v2\/types\/post"}],"author":[{"embeddable":true,"href":"http:\/\/www.noticiasdelparana.com.ar\/NuevaEdicion\/wp-json\/wp\/v2\/users\/3"}],"replies":[{"embeddable":true,"href":"http:\/\/www.noticiasdelparana.com.ar\/NuevaEdicion\/wp-json\/wp\/v2\/comments?post=363304"}],"version-history":[{"count":1,"href":"http:\/\/www.noticiasdelparana.com.ar\/NuevaEdicion\/wp-json\/wp\/v2\/posts\/363304\/revisions"}],"predecessor-version":[{"id":363306,"href":"http:\/\/www.noticiasdelparana.com.ar\/NuevaEdicion\/wp-json\/wp\/v2\/posts\/363304\/revisions\/363306"}],"wp:featuredmedia":[{"embeddable":true,"href":"http:\/\/www.noticiasdelparana.com.ar\/NuevaEdicion\/wp-json\/wp\/v2\/media\/363305"}],"wp:attachment":[{"href":"http:\/\/www.noticiasdelparana.com.ar\/NuevaEdicion\/wp-json\/wp\/v2\/media?parent=363304"}],"wp:term":[{"taxonomy":"category","embeddable":true,"href":"http:\/\/www.noticiasdelparana.com.ar\/NuevaEdicion\/wp-json\/wp\/v2\/categories?post=363304"},{"taxonomy":"post_tag","embeddable":true,"href":"http:\/\/www.noticiasdelparana.com.ar\/NuevaEdicion\/wp-json\/wp\/v2\/tags?post=363304"}],"curies":[{"name":"wp","href":"https:\/\/api.w.org\/{rel}","templated":true}]}}