{"id":363344,"date":"2026-04-29T13:22:20","date_gmt":"2026-04-29T16:22:20","guid":{"rendered":"http:\/\/www.noticiasdelparana.com.ar\/NuevaEdicion\/?p=363344"},"modified":"2026-04-29T13:22:24","modified_gmt":"2026-04-29T16:22:24","slug":"resistencia-cecual-invita-al-seminario-taller-la-mirada-documental","status":"publish","type":"post","link":"http:\/\/www.noticiasdelparana.com.ar\/NuevaEdicion\/2026\/04\/29\/resistencia-cecual-invita-al-seminario-taller-la-mirada-documental\/","title":{"rendered":"RESISTENCIA: Cecual Invita Al Seminario-Taller \u201cLa Mirada Documental\u201d"},"content":{"rendered":"\n<p>La propuesta, coordinada por el documentalista Marcelo P\u00e9rez, invita a explorar g\u00e9nero no solo como t\u00e9cnica, sino como una herramienta para construir memoria y relato.<\/p>\n\n\n\n<p>A lo largo de cuatro encuentros, los participantes se sumergir\u00e1n en el universo del cine documental latinoamericano -repasando referentes como Fernando Birri, Patricio Guzm\u00e1n, Raymundo Gleyzer y Fernando Solanas- mientras desarrollan sus propios proyectos en un espacio colectivo de creaci\u00f3n.<\/p>\n\n\n\n<p>\u201cEl documental es mucho m\u00e1s que una t\u00e9cnica: es una forma de habitar el mundo, de escuchar y de vincularse. Proponemos entrenar una mirada propia, sensible y cr\u00edtica, capaz de transformar lo cotidiano en relato\u201d, explicaron desde la organizaci\u00f3n. El taller est\u00e1 dise\u00f1ado para niveles inicial e intermedio, y no requiere experiencia previa.<\/p>\n\n\n\n<p>El seminario se desarrollar\u00e1 los martes de 19:00 a 21:30, con un arancel de $30.000. Los cupos limitados. Los interesados pueden inscribirse de forma presencial en el Cecual, de 18:00 a 21:00, o de forma virtual a trav\u00e9s del siguiente formulario: <a href=\"https:\/\/forms.gle\/5eWXPZdmA8Dh5ZJb6\">https:\/\/forms.gle\/5eWXPZdmA8Dh5ZJb6<\/a>.<\/p>\n","protected":false},"excerpt":{"rendered":"<p>29-Abr-26    El Centro Cultural Alternativo (Santa Mar\u00eda de Oro 471) del Instituto de Cultura del Chaco, abri\u00f3 las inscripciones para el Seminario-Taller \u201cLa Mirada Documental\u201d, que iniciar\u00e1 el martes 12 de mayo. <\/p>\n","protected":false},"author":3,"featured_media":363345,"comment_status":"closed","ping_status":"closed","sticky":false,"template":"","format":"standard","meta":[],"categories":[105],"tags":[],"_links":{"self":[{"href":"http:\/\/www.noticiasdelparana.com.ar\/NuevaEdicion\/wp-json\/wp\/v2\/posts\/363344"}],"collection":[{"href":"http:\/\/www.noticiasdelparana.com.ar\/NuevaEdicion\/wp-json\/wp\/v2\/posts"}],"about":[{"href":"http:\/\/www.noticiasdelparana.com.ar\/NuevaEdicion\/wp-json\/wp\/v2\/types\/post"}],"author":[{"embeddable":true,"href":"http:\/\/www.noticiasdelparana.com.ar\/NuevaEdicion\/wp-json\/wp\/v2\/users\/3"}],"replies":[{"embeddable":true,"href":"http:\/\/www.noticiasdelparana.com.ar\/NuevaEdicion\/wp-json\/wp\/v2\/comments?post=363344"}],"version-history":[{"count":1,"href":"http:\/\/www.noticiasdelparana.com.ar\/NuevaEdicion\/wp-json\/wp\/v2\/posts\/363344\/revisions"}],"predecessor-version":[{"id":363346,"href":"http:\/\/www.noticiasdelparana.com.ar\/NuevaEdicion\/wp-json\/wp\/v2\/posts\/363344\/revisions\/363346"}],"wp:featuredmedia":[{"embeddable":true,"href":"http:\/\/www.noticiasdelparana.com.ar\/NuevaEdicion\/wp-json\/wp\/v2\/media\/363345"}],"wp:attachment":[{"href":"http:\/\/www.noticiasdelparana.com.ar\/NuevaEdicion\/wp-json\/wp\/v2\/media?parent=363344"}],"wp:term":[{"taxonomy":"category","embeddable":true,"href":"http:\/\/www.noticiasdelparana.com.ar\/NuevaEdicion\/wp-json\/wp\/v2\/categories?post=363344"},{"taxonomy":"post_tag","embeddable":true,"href":"http:\/\/www.noticiasdelparana.com.ar\/NuevaEdicion\/wp-json\/wp\/v2\/tags?post=363344"}],"curies":[{"name":"wp","href":"https:\/\/api.w.org\/{rel}","templated":true}]}}