{"id":363347,"date":"2026-04-29T13:24:08","date_gmt":"2026-04-29T16:24:08","guid":{"rendered":"http:\/\/www.noticiasdelparana.com.ar\/NuevaEdicion\/?p=363347"},"modified":"2026-04-29T13:24:12","modified_gmt":"2026-04-29T16:24:12","slug":"resistencia-cine-musica-en-vivo-y-producciones-locales-vuelve-cine-nae-al-cecual","status":"publish","type":"post","link":"http:\/\/www.noticiasdelparana.com.ar\/NuevaEdicion\/2026\/04\/29\/resistencia-cine-musica-en-vivo-y-producciones-locales-vuelve-cine-nae-al-cecual\/","title":{"rendered":"RESISTENCIA: Cine, M\u00fasica En Vivo Y Producciones Locales: Vuelve \u201cCine Na\u00e9\u201d Al Cecual"},"content":{"rendered":"\n<p>El evento es organizado por la productora Ched\u00e9 y cuenta con el acompa\u00f1amiento del Instituto de Cultura a trav\u00e9s de la Ley de Mecenazgo. Las entradas costar\u00e1n $5.000 y se adquieren en puerta.<\/p>\n\n\n\n<p>Bajo la tem\u00e1tica \u201cNatura\u201d, esta edici\u00f3n propone un recorrido audiovisual por paisajes y relatos del monte y la tierra.<\/p>\n\n\n\n<p>La actividad central consiste en la proyecci\u00f3n de una pieza \u00fanica, curada por Josefina Lens, que amalgama cinco producciones locales: Al Impenetrable (Sonia Bertotti), Hab\u00eda una vez un monte (Arturo Fabiani y Ale Mu\u00f1oz), La Nena (Naty D\u00edaz, Eduardo Schanton y Josefina Lens), Nawe Epac (Adriana Rojas y Josefina Lens) y La tierra que emerge (Lens y Schanton).<\/p>\n\n\n\n<p>Esta experiencia visual ser\u00e1 intervenida sonoramente con m\u00fasica original en vivo compuesta por Facundo Orrego (Negroovs). La velada contar\u00e1 adem\u00e1s con una &#8220;previa universitaria&#8221; de cortos a cargo del equipo de Gueplay y un cierre musical con un set propio de Orrego.<\/p>\n\n\n\n<p>Programa<\/p>\n\n\n\n<p>El evento comenzar\u00e1 a las 20:00 con la apertura de puerta, barra habilitada y poror\u00f3 gratuito durante toda la noche.<\/p>\n\n\n\n<p>A las 20:45 iniciar\u00e1n los cortos universitarios, dando paso a las 21:25 a la proyecci\u00f3n central \u201cNatura\u201d. El cierre musical est\u00e1 previsto para las 22:15.<\/p>\n","protected":false},"excerpt":{"rendered":"<p> 29-Abr-26  Este s\u00e1bado 2 de mayo, de 20:00 a 23:00, el Centro Cultural Alternativo (Santa Mar\u00eda de Oro 471) del Instituto de Cultura del Chaco vivir\u00e1 una nueva edici\u00f3n de Cine Na\u00e9, propuesta que fusiona la cinematograf\u00eda regional con bandas sonoras ejecutadas en vivo.<\/p>\n","protected":false},"author":3,"featured_media":363348,"comment_status":"closed","ping_status":"closed","sticky":false,"template":"","format":"standard","meta":[],"categories":[105],"tags":[],"_links":{"self":[{"href":"http:\/\/www.noticiasdelparana.com.ar\/NuevaEdicion\/wp-json\/wp\/v2\/posts\/363347"}],"collection":[{"href":"http:\/\/www.noticiasdelparana.com.ar\/NuevaEdicion\/wp-json\/wp\/v2\/posts"}],"about":[{"href":"http:\/\/www.noticiasdelparana.com.ar\/NuevaEdicion\/wp-json\/wp\/v2\/types\/post"}],"author":[{"embeddable":true,"href":"http:\/\/www.noticiasdelparana.com.ar\/NuevaEdicion\/wp-json\/wp\/v2\/users\/3"}],"replies":[{"embeddable":true,"href":"http:\/\/www.noticiasdelparana.com.ar\/NuevaEdicion\/wp-json\/wp\/v2\/comments?post=363347"}],"version-history":[{"count":1,"href":"http:\/\/www.noticiasdelparana.com.ar\/NuevaEdicion\/wp-json\/wp\/v2\/posts\/363347\/revisions"}],"predecessor-version":[{"id":363349,"href":"http:\/\/www.noticiasdelparana.com.ar\/NuevaEdicion\/wp-json\/wp\/v2\/posts\/363347\/revisions\/363349"}],"wp:featuredmedia":[{"embeddable":true,"href":"http:\/\/www.noticiasdelparana.com.ar\/NuevaEdicion\/wp-json\/wp\/v2\/media\/363348"}],"wp:attachment":[{"href":"http:\/\/www.noticiasdelparana.com.ar\/NuevaEdicion\/wp-json\/wp\/v2\/media?parent=363347"}],"wp:term":[{"taxonomy":"category","embeddable":true,"href":"http:\/\/www.noticiasdelparana.com.ar\/NuevaEdicion\/wp-json\/wp\/v2\/categories?post=363347"},{"taxonomy":"post_tag","embeddable":true,"href":"http:\/\/www.noticiasdelparana.com.ar\/NuevaEdicion\/wp-json\/wp\/v2\/tags?post=363347"}],"curies":[{"name":"wp","href":"https:\/\/api.w.org\/{rel}","templated":true}]}}