{"id":363350,"date":"2026-04-29T13:26:40","date_gmt":"2026-04-29T16:26:40","guid":{"rendered":"http:\/\/www.noticiasdelparana.com.ar\/NuevaEdicion\/?p=363350"},"modified":"2026-04-29T13:26:44","modified_gmt":"2026-04-29T16:26:44","slug":"resistencia-el-muba-inaugura-el-espacio-pedro-luis-raota-dedicado-a-la-fotografia-2","status":"publish","type":"post","link":"http:\/\/www.noticiasdelparana.com.ar\/NuevaEdicion\/2026\/04\/29\/resistencia-el-muba-inaugura-el-espacio-pedro-luis-raota-dedicado-a-la-fotografia-2\/","title":{"rendered":"RESISTENCIA: El MUBA Inaugura El \u201cEspacio Pedro Luis Raota\u201d Dedicado A La Fotograf\u00eda"},"content":{"rendered":"\n<p>Tras su reprogramaci\u00f3n, el acto se realizar\u00e1 este jueves 30 de abril, a las 20:30, en la sede del museo (Marcelo T. de Alvear 90) con entrada libre y gratuita.<\/p>\n\n\n\n<p>Este nuevo \u00e1mbito est\u00e1 destinado a la fotograf\u00eda y a la construcci\u00f3n de memoria visual. Se constituir\u00e1 como una sala expositiva permanente dedicada especialmente a la imagen, jerarquizando esta disciplina dentro del patrimonio provincial.<\/p>\n\n\n\n<p>Durante la apertura, se exhibir\u00e1n obras fotogr\u00e1ficas pertenecientes a la colecci\u00f3n del patrimonio del museo. La iniciativa celebra la imagen y la historia, ofreciendo a la comunidad un lugar de encuentro con el arte fotogr\u00e1fico chaque\u00f1o y universal.<\/p>\n\n\n\n<p>El espacio lleva el nombre de Pedro Luis Raota, fot\u00f3grafo chaque\u00f1o reconocido como uno de los m\u00e1ximos exponentes de la fotograf\u00eda art\u00edstica y el autor argentino m\u00e1s premiado en cert\u00e1menes internacionales. Su obra se destaca por el dominio del claroscuro y su enfoque en la condici\u00f3n humana.<\/p>\n","protected":false},"excerpt":{"rendered":"<p> 29-Abr-26    El Museo de Bellas Artes \u201cRen\u00e9 Brusau\u201d (MUBA), dependiente del Instituto de Cultura del Chaco, invita a la inauguraci\u00f3n del nuevo Espacio Pedro Luis Raota. <\/p>\n","protected":false},"author":3,"featured_media":363351,"comment_status":"closed","ping_status":"closed","sticky":false,"template":"","format":"standard","meta":[],"categories":[105],"tags":[],"_links":{"self":[{"href":"http:\/\/www.noticiasdelparana.com.ar\/NuevaEdicion\/wp-json\/wp\/v2\/posts\/363350"}],"collection":[{"href":"http:\/\/www.noticiasdelparana.com.ar\/NuevaEdicion\/wp-json\/wp\/v2\/posts"}],"about":[{"href":"http:\/\/www.noticiasdelparana.com.ar\/NuevaEdicion\/wp-json\/wp\/v2\/types\/post"}],"author":[{"embeddable":true,"href":"http:\/\/www.noticiasdelparana.com.ar\/NuevaEdicion\/wp-json\/wp\/v2\/users\/3"}],"replies":[{"embeddable":true,"href":"http:\/\/www.noticiasdelparana.com.ar\/NuevaEdicion\/wp-json\/wp\/v2\/comments?post=363350"}],"version-history":[{"count":1,"href":"http:\/\/www.noticiasdelparana.com.ar\/NuevaEdicion\/wp-json\/wp\/v2\/posts\/363350\/revisions"}],"predecessor-version":[{"id":363352,"href":"http:\/\/www.noticiasdelparana.com.ar\/NuevaEdicion\/wp-json\/wp\/v2\/posts\/363350\/revisions\/363352"}],"wp:featuredmedia":[{"embeddable":true,"href":"http:\/\/www.noticiasdelparana.com.ar\/NuevaEdicion\/wp-json\/wp\/v2\/media\/363351"}],"wp:attachment":[{"href":"http:\/\/www.noticiasdelparana.com.ar\/NuevaEdicion\/wp-json\/wp\/v2\/media?parent=363350"}],"wp:term":[{"taxonomy":"category","embeddable":true,"href":"http:\/\/www.noticiasdelparana.com.ar\/NuevaEdicion\/wp-json\/wp\/v2\/categories?post=363350"},{"taxonomy":"post_tag","embeddable":true,"href":"http:\/\/www.noticiasdelparana.com.ar\/NuevaEdicion\/wp-json\/wp\/v2\/tags?post=363350"}],"curies":[{"name":"wp","href":"https:\/\/api.w.org\/{rel}","templated":true}]}}