{"id":363353,"date":"2026-04-29T13:28:34","date_gmt":"2026-04-29T16:28:34","guid":{"rendered":"http:\/\/www.noticiasdelparana.com.ar\/NuevaEdicion\/?p=363353"},"modified":"2026-04-29T13:28:38","modified_gmt":"2026-04-29T16:28:38","slug":"resistencia-modo-pena-activado-el-fin-de-semana-en-la-usina-cultural","status":"publish","type":"post","link":"http:\/\/www.noticiasdelparana.com.ar\/NuevaEdicion\/2026\/04\/29\/resistencia-modo-pena-activado-el-fin-de-semana-en-la-usina-cultural\/","title":{"rendered":"RESISTENCIA:  Modo Pe\u00f1a Activado el fin de semana en la Usina Cultural"},"content":{"rendered":"\n<p>La grilla estar\u00e1 conformada por: el Maestro Coco Amarilla, Fernando Maidana, Bianca Rodr\u00edguez Valiente, y Sarai del Ritmo. Los m\u00fasicos estar\u00e1n asimismo acompa\u00f1ados por el grupo de baile Latidos de Tradici\u00f3n, de la profesora Marta Valenzuela.&nbsp;<\/p>\n\n\n\n<p>Las entradas tienen una promoci\u00f3n de venta anticipada, con un costo de dos entradas a $15000. Luego las entradas generales saldr\u00e1n $10000 en puerta. Para adquirirlas o para m\u00e1s consultas comunicarse al tel\u00e9fono 3624359577.&nbsp;&nbsp;<\/p>\n","protected":false},"excerpt":{"rendered":"<p>29-Abr-26  El s\u00e1bado 2 de mayo, a partir de las 20, en la Usina Cultural (Cervantes 1640, esquina avenida Chaco) se vivir\u00e1 Modo Pe\u00f1a Activado, una noche de m\u00fasica, tradici\u00f3n y encuentro. Numerosos artistas subir\u00e1n al escenario para hacer bailar y cantar a los presentes.<\/p>\n","protected":false},"author":3,"featured_media":363354,"comment_status":"closed","ping_status":"closed","sticky":false,"template":"","format":"standard","meta":[],"categories":[105],"tags":[],"_links":{"self":[{"href":"http:\/\/www.noticiasdelparana.com.ar\/NuevaEdicion\/wp-json\/wp\/v2\/posts\/363353"}],"collection":[{"href":"http:\/\/www.noticiasdelparana.com.ar\/NuevaEdicion\/wp-json\/wp\/v2\/posts"}],"about":[{"href":"http:\/\/www.noticiasdelparana.com.ar\/NuevaEdicion\/wp-json\/wp\/v2\/types\/post"}],"author":[{"embeddable":true,"href":"http:\/\/www.noticiasdelparana.com.ar\/NuevaEdicion\/wp-json\/wp\/v2\/users\/3"}],"replies":[{"embeddable":true,"href":"http:\/\/www.noticiasdelparana.com.ar\/NuevaEdicion\/wp-json\/wp\/v2\/comments?post=363353"}],"version-history":[{"count":1,"href":"http:\/\/www.noticiasdelparana.com.ar\/NuevaEdicion\/wp-json\/wp\/v2\/posts\/363353\/revisions"}],"predecessor-version":[{"id":363355,"href":"http:\/\/www.noticiasdelparana.com.ar\/NuevaEdicion\/wp-json\/wp\/v2\/posts\/363353\/revisions\/363355"}],"wp:featuredmedia":[{"embeddable":true,"href":"http:\/\/www.noticiasdelparana.com.ar\/NuevaEdicion\/wp-json\/wp\/v2\/media\/363354"}],"wp:attachment":[{"href":"http:\/\/www.noticiasdelparana.com.ar\/NuevaEdicion\/wp-json\/wp\/v2\/media?parent=363353"}],"wp:term":[{"taxonomy":"category","embeddable":true,"href":"http:\/\/www.noticiasdelparana.com.ar\/NuevaEdicion\/wp-json\/wp\/v2\/categories?post=363353"},{"taxonomy":"post_tag","embeddable":true,"href":"http:\/\/www.noticiasdelparana.com.ar\/NuevaEdicion\/wp-json\/wp\/v2\/tags?post=363353"}],"curies":[{"name":"wp","href":"https:\/\/api.w.org\/{rel}","templated":true}]}}