{"id":363359,"date":"2026-04-29T16:29:47","date_gmt":"2026-04-29T19:29:47","guid":{"rendered":"http:\/\/www.noticiasdelparana.com.ar\/NuevaEdicion\/?p=363359"},"modified":"2026-04-29T16:29:51","modified_gmt":"2026-04-29T19:29:51","slug":"resistencia-detuvieron-a-un-hombre-buscado-por-violencia-de-genero-y-hostigamiento","status":"publish","type":"post","link":"http:\/\/www.noticiasdelparana.com.ar\/NuevaEdicion\/2026\/04\/29\/resistencia-detuvieron-a-un-hombre-buscado-por-violencia-de-genero-y-hostigamiento\/","title":{"rendered":"RESISTENCIA: Detuvieron A Un Hombre Buscado Por Violencia De G\u00e9nero Y Hostigamiento"},"content":{"rendered":"\n<p>Efectivos de la Comisar\u00eda Segunda Metropolitana lograron capturar este mi\u00e9rcoles a un hombre de 32 a\u00f1os sobre quien pesaba un pedido de detenci\u00f3n por amenazar y hostigar a su expareja.<\/p>\n\n\n\n<p>La investigaci\u00f3n se origin\u00f3 tras la denuncia de una mujer de 38 a\u00f1os en la Divisi\u00f3n Violencia Familiar y de G\u00e9nero. La damnificada manifest\u00f3 ser agredida y hostigada por parte de su exconcubino.<\/p>\n\n\n\n<p>B\u00fasqueda y captura<\/p>\n\n\n\n<p>Ante esta situaci\u00f3n, el Servicio Externo de la Segunda se aboc\u00f3 al caso y, mientras realizaba recorridas por la zona de la avenida Lavalle al 1500, logr\u00f3 interceptar al supuesto agresor de 32 a\u00f1os. Luego de ser identificado, fue trasladado a Sanidad Policial y posteriormente alojado en la dependencia policial. Por disposici\u00f3n de la magistratura interviniente, fue notificado de su situaci\u00f3n legal en la causa caratulada como \u201cSupuestas Amenazas en Contexto de Violencia de G\u00e9nero\u201d.<\/p>\n","protected":false},"excerpt":{"rendered":"<p>29-Abr-26 Intervino personal del Servicio Externo de la Comisar\u00eda Segunda Capital.<\/p>\n","protected":false},"author":4,"featured_media":363362,"comment_status":"closed","ping_status":"closed","sticky":false,"template":"","format":"standard","meta":[],"categories":[103],"tags":[],"_links":{"self":[{"href":"http:\/\/www.noticiasdelparana.com.ar\/NuevaEdicion\/wp-json\/wp\/v2\/posts\/363359"}],"collection":[{"href":"http:\/\/www.noticiasdelparana.com.ar\/NuevaEdicion\/wp-json\/wp\/v2\/posts"}],"about":[{"href":"http:\/\/www.noticiasdelparana.com.ar\/NuevaEdicion\/wp-json\/wp\/v2\/types\/post"}],"author":[{"embeddable":true,"href":"http:\/\/www.noticiasdelparana.com.ar\/NuevaEdicion\/wp-json\/wp\/v2\/users\/4"}],"replies":[{"embeddable":true,"href":"http:\/\/www.noticiasdelparana.com.ar\/NuevaEdicion\/wp-json\/wp\/v2\/comments?post=363359"}],"version-history":[{"count":1,"href":"http:\/\/www.noticiasdelparana.com.ar\/NuevaEdicion\/wp-json\/wp\/v2\/posts\/363359\/revisions"}],"predecessor-version":[{"id":363363,"href":"http:\/\/www.noticiasdelparana.com.ar\/NuevaEdicion\/wp-json\/wp\/v2\/posts\/363359\/revisions\/363363"}],"wp:featuredmedia":[{"embeddable":true,"href":"http:\/\/www.noticiasdelparana.com.ar\/NuevaEdicion\/wp-json\/wp\/v2\/media\/363362"}],"wp:attachment":[{"href":"http:\/\/www.noticiasdelparana.com.ar\/NuevaEdicion\/wp-json\/wp\/v2\/media?parent=363359"}],"wp:term":[{"taxonomy":"category","embeddable":true,"href":"http:\/\/www.noticiasdelparana.com.ar\/NuevaEdicion\/wp-json\/wp\/v2\/categories?post=363359"},{"taxonomy":"post_tag","embeddable":true,"href":"http:\/\/www.noticiasdelparana.com.ar\/NuevaEdicion\/wp-json\/wp\/v2\/tags?post=363359"}],"curies":[{"name":"wp","href":"https:\/\/api.w.org\/{rel}","templated":true}]}}